{"id":19165,"date":"2023-01-29T10:46:00","date_gmt":"2023-01-29T13:46:00","guid":{"rendered":"https:\/\/chacosintesis.com.ar\/?p=19165"},"modified":"2023-02-22T10:17:15","modified_gmt":"2023-02-22T13:17:15","slug":"cuesta-participo-de-la-inauguracion-del-nuevo-corsodromo-y-homenajeo-a-comparsas-historicas-de-las-palmas","status":"publish","type":"post","link":"https:\/\/chacosintesis.com.ar\/index.php\/cuesta-participo-de-la-inauguracion-del-nuevo-corsodromo-y-homenajeo-a-comparsas-historicas-de-las-palmas\/","title":{"rendered":"Cuesta particip\u00f3 de la inauguraci\u00f3n del nuevo cors\u00f3dromo y homenaje\u00f3 a comparsas hist\u00f3ricas de Las Palmas"},"content":{"rendered":"\n<p>En la primera noche de los carnavales de la dulzura en Las Palmas, la presidenta del Poder Legislativo, Elida Cuesta, particip\u00f3 junto al intendente V\u00edctor Armella del estreno del nuevo cors\u00f3dromo sobre la avenida Polic\u00eda del Chaco, en donde las comparsas Camba Cu\u00e1, Luz Argentina, Ar\u00e1 Zor\u00f3 y la infantil Ar\u00e1 Zorocitos brillaron ante una multitud que acompa\u00f1\u00f3 la fiesta. Acompa\u00f1ada por la diputada de La Leonesa, Elda Insaurralde, la titular legislativa homenaje\u00f3 a estas tres agrupaciones que a\u00f1o tras a\u00f1o y con mucho esfuerzo montan un espect\u00e1culo que forma parte de la cultura e identidad de este pueblo.<br>Cuesta expres\u00f3 su felicidad de poder participar de esta fiesta popular que cont\u00f3 con el acompa\u00f1amiento de gran parte de la comunidad. \u201cComo siempre lo hacemos reconocemos a todas las comparsas, pero este a\u00f1o Camba Cu\u00e1 cumple sesenta a\u00f1os y son pioneros de estos carnavales, por lo que quisimos estar presentes desde el Poder Legislativo para resaltar el gran e hist\u00f3rico trabajo que llevan adelante a\u00f1o tras a\u00f1o\u201d, expres\u00f3.<br>La presidenta de la Legislatura consider\u00f3 como muy importante que los chaque\u00f1os puedan quedarse a disfrutar de los carnavales chaque\u00f1os y no tengan que irse a otras provincias. \u201cHay que resaltar este gran acompa\u00f1amiento de muchas familias que trabajan durante todo el a\u00f1o para que nosotros podamos disfrutar de su arte y de nuestra cultura\u201d, concluy\u00f3 Cuesta.<br>Por su parte, Insaurralde consider\u00f3 como hist\u00f3rica la inauguraci\u00f3n de este cors\u00f3dromo en el departamento Bermejo, ya que explic\u00f3 que los representantes de varias localidades participan de estos corsos en Las Palmas. \u201cEs algo que nos deb\u00edamos y hoy se hizo realidad, por lo que muchos chaque\u00f1os de esta zona podr\u00e1n disfrutar de esta pasi\u00f3n que es el carnaval\u201d, concluy\u00f3 la diputada.<\/p>\n\n\n\n<p>Agradecimiento del intendente por el acompa\u00f1amiento<br>El intendente Armella agradeci\u00f3 la participaci\u00f3n de la presidenta del Poder Legislativo y de la diputada Insaurralde que asistieron a los carnavales de la dulzura. \u201cEs muy importante que nuestros representantes nos acompa\u00f1en y realicen un reconocimiento a los protagonistas de esta gran fiesta de nuestro pueblo, que con mucho esfuerzo llevan adelante una fiesta popular que desde hace d\u00e9cadas hace brillar a nuestra ciudad\u201d, concluy\u00f3<\/p>\n","protected":false},"excerpt":{"rendered":"<p>En la primera noche de los carnavales de la dulzura en Las Palmas, la presidenta del Poder Legislativo, Elida Cuesta, particip\u00f3 junto al intendente V\u00edctor Armella del estreno del nuevo cors\u00f3dromo sobre la avenida Polic\u00eda del Chaco, en donde las comparsas Camba Cu\u00e1, Luz Argentina, Ar\u00e1 Zor\u00f3 y la infantil Ar\u00e1 Zorocitos brillaron ante una [&hellip;]<\/p>\n","protected":false},"author":1,"featured_media":0,"comment_status":"closed","ping_status":"closed","sticky":false,"template":"","format":"standard","meta":{"footnotes":""},"categories":[6],"tags":[202],"class_list":{"0":"post-19165","1":"post","2":"type-post","3":"status-publish","4":"format-standard","6":"category-chaco","7":"tag-legislatura"},"_links":{"self":[{"href":"https:\/\/chacosintesis.com.ar\/index.php\/wp-json\/wp\/v2\/posts\/19165","targetHints":{"allow":["GET"]}}],"collection":[{"href":"https:\/\/chacosintesis.com.ar\/index.php\/wp-json\/wp\/v2\/posts"}],"about":[{"href":"https:\/\/chacosintesis.com.ar\/index.php\/wp-json\/wp\/v2\/types\/post"}],"author":[{"embeddable":true,"href":"https:\/\/chacosintesis.com.ar\/index.php\/wp-json\/wp\/v2\/users\/1"}],"replies":[{"embeddable":true,"href":"https:\/\/chacosintesis.com.ar\/index.php\/wp-json\/wp\/v2\/comments?post=19165"}],"version-history":[{"count":0,"href":"https:\/\/chacosintesis.com.ar\/index.php\/wp-json\/wp\/v2\/posts\/19165\/revisions"}],"wp:attachment":[{"href":"https:\/\/chacosintesis.com.ar\/index.php\/wp-json\/wp\/v2\/media?parent=19165"}],"wp:term":[{"taxonomy":"category","embeddable":true,"href":"https:\/\/chacosintesis.com.ar\/index.php\/wp-json\/wp\/v2\/categories?post=19165"},{"taxonomy":"post_tag","embeddable":true,"href":"https:\/\/chacosintesis.com.ar\/index.php\/wp-json\/wp\/v2\/tags?post=19165"}],"curies":[{"name":"wp","href":"https:\/\/api.w.org\/{rel}","templated":true}]}}