{"id":19162,"date":"2023-01-28T13:09:00","date_gmt":"2023-01-28T16:09:00","guid":{"rendered":"https:\/\/chacosintesis.com.ar\/?p=19162"},"modified":"2023-02-22T10:12:32","modified_gmt":"2023-02-22T13:12:32","slug":"el-poder-legislativo-homenajeo-a-personalidades-de-la-cultura-en-quitilipi","status":"publish","type":"post","link":"https:\/\/chacosintesis.com.ar\/index.php\/el-poder-legislativo-homenajeo-a-personalidades-de-la-cultura-en-quitilipi\/","title":{"rendered":"El Poder Legislativo homenaje\u00f3 a personalidades de la cultura en Quitilipi"},"content":{"rendered":"\n<p>En su visita a Quitilipi y cumpliendo con los compromisos asumidos en el marco del programa Sesionemos Juntos, la presidenta del Poder Legislativo, Elida Cuesta, reconoci\u00f3 al escritor Jos\u00e9 Mauricio Muro y al m\u00fasico Sixto Romero por su aporte a la educaci\u00f3n y la cultura quitilipense. Adem\u00e1s, entreg\u00f3 ejemplares impresos del libro &#8220;F\u00e1bulas de aqu\u00ed y all\u00e1&#8221; al joven escritor Germ\u00e1n Shwagemoskers.<br>La presidenta de la Casa de la Democracia destac\u00f3 el potencial art\u00edstico y cultural del interior provincial y llam\u00f3 a apoyarlo para su desarrollo. \u201cEn el \u00faltimo Sesionemos Juntos en Quitilipi nos qued\u00f3 pendiente reconocer a Jos\u00e9 Mauricio Muro, quien realiz\u00f3 una gran investigaci\u00f3n sobre las ligas agrarias y adem\u00e1s es profesor y bombero voluntario, una personalidad que no pod\u00edamos dejar de destacar\u201d, manifest\u00f3.<br>Asimismo, Cuesta remarc\u00f3 que \u201cdebemos dar visibilidad y apoyo a nuestros artistas locales, m\u00fasicos, escritores y hacedores de cultura, eso es lo que buscamos reconociendo a m\u00fasicos como Sixto Romero, quien tiene una gran trayectoria dentro de la comunidad quitilipense, como as\u00ed tambi\u00e9n a Germ\u00e1n, un joven y talentoso escritor que nos pidi\u00f3 imprimir ejemplares de su obra\u201d, asegur\u00f3.<br>Por otra parte, la presidenta marc\u00f3 que la pol\u00edtica de Estado del Poder Legislativo es estar cerca de cada chaque\u00f1a y chaque\u00f1o, para que el pueblo sienta que sus representantes los escuchan y atienden sus demandas.<\/p>\n\n\n\n<p>Muro: \u201cLa historia y cultura de nuestro Chaco es muy rica\u201d<br>El escritor Jos\u00e9 Mauricio Muro agradeci\u00f3 el reconocimiento del Poder Legislativo y remarc\u00f3 que dar visibilidad a la cultura enriquece la historia de la provincia. \u201cQuiz\u00e1 uno no escribe para que lo reconozcan, pero s\u00ed se puede visibilizar a trav\u00e9s de este reconocimiento la historia de las ligas agrarias. Para m\u00ed es muy importante porque la historia y la cultura en la provincia es muy rica\u201d, asever\u00f3.<br>Por su parte, Germ\u00e1n Shwagemoskers manifest\u00f3 que el apoyo a la cultura es una pol\u00edtica de Estado fundamental para fomentar no solo la m\u00fasica, sino tambi\u00e9n la escritura. \u201cMuchas veces la provincia aparece en los peores lugares en los estudios acad\u00e9micos, pero tenemos muchos j\u00f3venes capaces y apoyarlos no solo es importante para la cultura, sino tambi\u00e9n para la educaci\u00f3n\u201d, celebr\u00f3.<br>En este sentido, Sixto Romero asegur\u00f3 finalmente que \u201cpara los que hacemos m\u00fasica hace mucho tiempo, tener estos reconocimientos es una caricia al alma despu\u00e9s de tantos a\u00f1os y nos incentiva a seguir\u201d<\/p>\n","protected":false},"excerpt":{"rendered":"<p>En su visita a Quitilipi y cumpliendo con los compromisos asumidos en el marco del programa Sesionemos Juntos, la presidenta del Poder Legislativo, Elida Cuesta, reconoci\u00f3 al escritor Jos\u00e9 Mauricio Muro y al m\u00fasico Sixto Romero por su aporte a la educaci\u00f3n y la cultura quitilipense. Adem\u00e1s, entreg\u00f3 ejemplares impresos del libro &#8220;F\u00e1bulas de aqu\u00ed [&hellip;]<\/p>\n","protected":false},"author":1,"featured_media":19163,"comment_status":"closed","ping_status":"closed","sticky":false,"template":"","format":"standard","meta":{"footnotes":""},"categories":[6],"tags":[202],"class_list":{"0":"post-19162","1":"post","2":"type-post","3":"status-publish","4":"format-standard","5":"has-post-thumbnail","7":"category-chaco","8":"tag-legislatura"},"_links":{"self":[{"href":"https:\/\/chacosintesis.com.ar\/index.php\/wp-json\/wp\/v2\/posts\/19162","targetHints":{"allow":["GET"]}}],"collection":[{"href":"https:\/\/chacosintesis.com.ar\/index.php\/wp-json\/wp\/v2\/posts"}],"about":[{"href":"https:\/\/chacosintesis.com.ar\/index.php\/wp-json\/wp\/v2\/types\/post"}],"author":[{"embeddable":true,"href":"https:\/\/chacosintesis.com.ar\/index.php\/wp-json\/wp\/v2\/users\/1"}],"replies":[{"embeddable":true,"href":"https:\/\/chacosintesis.com.ar\/index.php\/wp-json\/wp\/v2\/comments?post=19162"}],"version-history":[{"count":0,"href":"https:\/\/chacosintesis.com.ar\/index.php\/wp-json\/wp\/v2\/posts\/19162\/revisions"}],"wp:featuredmedia":[{"embeddable":true,"href":"https:\/\/chacosintesis.com.ar\/index.php\/wp-json\/wp\/v2\/media\/19163"}],"wp:attachment":[{"href":"https:\/\/chacosintesis.com.ar\/index.php\/wp-json\/wp\/v2\/media?parent=19162"}],"wp:term":[{"taxonomy":"category","embeddable":true,"href":"https:\/\/chacosintesis.com.ar\/index.php\/wp-json\/wp\/v2\/categories?post=19162"},{"taxonomy":"post_tag","embeddable":true,"href":"https:\/\/chacosintesis.com.ar\/index.php\/wp-json\/wp\/v2\/tags?post=19162"}],"curies":[{"name":"wp","href":"https:\/\/api.w.org\/{rel}","templated":true}]}}