{"id":19158,"date":"2023-02-22T09:51:40","date_gmt":"2023-02-22T12:51:40","guid":{"rendered":"https:\/\/chacosintesis.com.ar\/?p=19158"},"modified":"2023-02-22T10:06:55","modified_gmt":"2023-02-22T13:06:55","slug":"carim-peche-pidio-la-intervencion-del-defensor-del-pueblo-para-suspender-la-audiencia-publica-de-secheep","status":"publish","type":"post","link":"https:\/\/chacosintesis.com.ar\/index.php\/carim-peche-pidio-la-intervencion-del-defensor-del-pueblo-para-suspender-la-audiencia-publica-de-secheep\/","title":{"rendered":"Carim Peche pidi\u00f3 la intervenci\u00f3n del defensor del pueblo para suspender la audiencia p\u00fablica de secheep"},"content":{"rendered":"<p>El dos veces intendente de Presidencia Roque S\u00e1enz Pe\u00f1a y actual presidente del interbloque de diputados de la UCR, Carim Peche, hizo llegar una nota al Defensor del Pueblo, Dr. Bernador Voloj, a fin de solicitar su intervenci\u00f3n ante el gobierno provincial para la suspensi\u00f3n de la audiencia p\u00fablica convocada por la empresa Secheep para este viernes 24 de febrero en la ciudad de General San Mart\u00edn.<br \/>\nLa nota comienza diciendo \u201cMe dirijo a usted pidiendo su intervenci\u00f3n ante el Sr. Gobernador de la provincia, Cr. Jorge Milton Capitanich, con el fin de que se le solicite la suspensi\u00f3n de la audiencia p\u00fablica de la empresa SECHEEP convocada para el pr\u00f3ximo 24 de febrero de 2023 a partir de la hora 09 en la Casa de la Cultura de la ciudad de General San Mart\u00edn\u201d.<br \/>\nHaciendo una fundamentaci\u00f3n del requerimiento efectuado se\u00f1al\u00f3 \u201cEs de p\u00fablico conocimiento la situaci\u00f3n econ\u00f3mica y social que atraviesa nuestra provincia con los indicadores de pobreza e indigencia m\u00e1s altos del pa\u00eds, inmersos en un proceso inflacionario sin control que supera ampliamente los incrementos salariales. Un p\u00e1rrafo especial merecen nuestros jubilados y pensionados que viven horas angustiantes como consecuencia del apremio econ\u00f3mico ocasionado por la situaci\u00f3n anteriormente expuesta\u201d.<br \/>\n\u201cNo debemos soslayar que, pese a los anuncios efectuados, las asimetr\u00edas en el costo del KWh que se cobra a usuarios del Chaco comparado con los de otras provincias  siguen marcando una situaci\u00f3n de inequidad e injusticia.  En estas \u00faltimas semanas he recepcionado la preocupaci\u00f3n de un gran n\u00famero de ciudadanos respecto de los fuertes incrementos en las facturas de Secheep correspondientes a los per\u00edodos 11 y 12\/2022, en algunos casos del 200 y 300%. En raz\u00f3n de esta situaci\u00f3n, el pasado 1\u00ba de febrero solicit\u00e9 p\u00fablicamente al gobernador Capitanich la suspensi\u00f3n de la audiencia del 24 de febrero sin respuesta alguna, situaci\u00f3n que me lleva a pedir su intervenci\u00f3n\u201d.<br \/>\nFinalmente se\u00f1ala \u201cComo lo he expresado en reiteradas oportunidades, asfixiar a quienes trabajan, producen, generan empleo y oportunidades como herramienta esencial de lucha contra la pobreza no es el camino a tomar. Un nuevo aumento en el servicio de energ\u00eda pondr\u00eda a muchos chaque\u00f1os en la necesidad de elegir entre seguir adelante con su comercio, empresa o emprendimiento o pagar la luz, y lo m\u00e1s grave, para cientos de familias significar\u00eda tener que elegir entre poner un plato de comida en la mesa o pagar la factura de Secheep. Estoy convencido que quienes hemos sido elegidos para representar la voluntad popular debemos actuar en consecuencia\u201d.<\/p>\n","protected":false},"excerpt":{"rendered":"<p>El dos veces intendente de Presidencia Roque S\u00e1enz Pe\u00f1a y actual presidente del interbloque de diputados de la UCR, Carim Peche, hizo llegar una nota al Defensor del Pueblo, Dr. Bernador Voloj, a fin de solicitar su intervenci\u00f3n ante el gobierno provincial para la suspensi\u00f3n de la audiencia p\u00fablica convocada por la empresa Secheep para [&hellip;]<\/p>\n","protected":false},"author":1,"featured_media":19159,"comment_status":"closed","ping_status":"closed","sticky":false,"template":"","format":"standard","meta":{"footnotes":""},"categories":[6],"tags":[],"class_list":{"0":"post-19158","1":"post","2":"type-post","3":"status-publish","4":"format-standard","5":"has-post-thumbnail","7":"category-chaco"},"_links":{"self":[{"href":"https:\/\/chacosintesis.com.ar\/index.php\/wp-json\/wp\/v2\/posts\/19158","targetHints":{"allow":["GET"]}}],"collection":[{"href":"https:\/\/chacosintesis.com.ar\/index.php\/wp-json\/wp\/v2\/posts"}],"about":[{"href":"https:\/\/chacosintesis.com.ar\/index.php\/wp-json\/wp\/v2\/types\/post"}],"author":[{"embeddable":true,"href":"https:\/\/chacosintesis.com.ar\/index.php\/wp-json\/wp\/v2\/users\/1"}],"replies":[{"embeddable":true,"href":"https:\/\/chacosintesis.com.ar\/index.php\/wp-json\/wp\/v2\/comments?post=19158"}],"version-history":[{"count":0,"href":"https:\/\/chacosintesis.com.ar\/index.php\/wp-json\/wp\/v2\/posts\/19158\/revisions"}],"wp:featuredmedia":[{"embeddable":true,"href":"https:\/\/chacosintesis.com.ar\/index.php\/wp-json\/wp\/v2\/media\/19159"}],"wp:attachment":[{"href":"https:\/\/chacosintesis.com.ar\/index.php\/wp-json\/wp\/v2\/media?parent=19158"}],"wp:term":[{"taxonomy":"category","embeddable":true,"href":"https:\/\/chacosintesis.com.ar\/index.php\/wp-json\/wp\/v2\/categories?post=19158"},{"taxonomy":"post_tag","embeddable":true,"href":"https:\/\/chacosintesis.com.ar\/index.php\/wp-json\/wp\/v2\/tags?post=19158"}],"curies":[{"name":"wp","href":"https:\/\/api.w.org\/{rel}","templated":true}]}}