{"id":19115,"date":"2023-01-20T12:42:00","date_gmt":"2023-01-20T15:42:00","guid":{"rendered":"https:\/\/chacosintesis.com.ar\/?p=19115"},"modified":"2023-02-21T10:49:16","modified_gmt":"2023-02-21T13:49:16","slug":"educacion-emocional-la-iniciativa-que-busca-innovar-en-materia-educativa","status":"publish","type":"post","link":"https:\/\/chacosintesis.com.ar\/index.php\/educacion-emocional-la-iniciativa-que-busca-innovar-en-materia-educativa\/","title":{"rendered":"Educaci\u00f3n emocional, la iniciativa que busca innovar en materia educativa"},"content":{"rendered":"\n<p>Impulsada por la presidenta del Poder Legislativo, Elida Cuesta, la normativa 3743-E incluye en los planes de estudio provinciales contenidos de educaci\u00f3n emocional en todos los niveles, incorporando teor\u00edas de la emoci\u00f3n, la neurociencia, la psiconeuroinmunolog\u00eda, la teor\u00eda de las inteligencias m\u00faltiples, la inteligencia emocional, la educaci\u00f3n para la salud y habilidades sociales para el desarrollo de las relaciones de ni\u00f1as, ni\u00f1os y j\u00f3venes con el entorno social.<\/p>\n\n\n\n<p>Cuesta destac\u00f3 la iniciativa y asegur\u00f3 que incorporar este tipo de educaci\u00f3n ayuda a las relaciones sociales y al desarrollo de las y los j\u00f3venes. \u201cEl impacto de la inteligencia emocional demostr\u00f3 que el \u00e9xito obtenido en la vida de las personas es, en un 70%-80%, debido a las habilidades emocionales\u201d, remarc\u00f3.<\/p>\n\n\n\n<p>Asimismo, agreg\u00f3 que es indispensable fomentar una educaci\u00f3n que estimule y desarrolle la salud emocional y satisfacci\u00f3n personal, la tolerancia a la frustraci\u00f3n y la automotivaci\u00f3n.<\/p>\n\n\n\n<p>Adem\u00e1s, alent\u00f3 al trabajo en conjunto de todos los sectores sociales para implementar un modelo educativo que permita construir una sociedad mejor. \u201cQueremos que la educaci\u00f3n emocional sea parte de la ense\u00f1anza de nuestros j\u00f3venes, para construir entre todas y todos una sociedad m\u00e1s comprensiva y tolerante\u201d, asegur\u00f3.<\/p>\n\n\n\n<p>Por otra parte, la ley establece al Ministerio de Educaci\u00f3n, Ciencia y Tecnolog\u00eda como autoridad de aplicaci\u00f3n y el que deber\u00e1 conformar una comisi\u00f3n de educaci\u00f3n emocional integrada con profesionales de diferentes disciplinas que tengan conocimientos y\/o experiencia sobre la tem\u00e1tica.<br>Esta comisi\u00f3n ser\u00e1 la encargada de realizar capacitaciones y una actualizaci\u00f3n especializada de las y los educadores, trabajadores sociales, docentes, psic\u00f3logos y dem\u00e1s operadores comunitarios.<\/p>\n","protected":false},"excerpt":{"rendered":"<p>Impulsada por la presidenta del Poder Legislativo, Elida Cuesta, la normativa 3743-E incluye en los planes de estudio provinciales contenidos de educaci\u00f3n emocional en todos los niveles, incorporando teor\u00edas de la emoci\u00f3n, la neurociencia, la psiconeuroinmunolog\u00eda, la teor\u00eda de las inteligencias m\u00faltiples, la inteligencia emocional, la educaci\u00f3n para la salud y habilidades sociales para el [&hellip;]<\/p>\n","protected":false},"author":1,"featured_media":19116,"comment_status":"closed","ping_status":"closed","sticky":false,"template":"","format":"standard","meta":{"footnotes":""},"categories":[6],"tags":[202],"class_list":{"0":"post-19115","1":"post","2":"type-post","3":"status-publish","4":"format-standard","5":"has-post-thumbnail","7":"category-chaco","8":"tag-legislatura"},"_links":{"self":[{"href":"https:\/\/chacosintesis.com.ar\/index.php\/wp-json\/wp\/v2\/posts\/19115","targetHints":{"allow":["GET"]}}],"collection":[{"href":"https:\/\/chacosintesis.com.ar\/index.php\/wp-json\/wp\/v2\/posts"}],"about":[{"href":"https:\/\/chacosintesis.com.ar\/index.php\/wp-json\/wp\/v2\/types\/post"}],"author":[{"embeddable":true,"href":"https:\/\/chacosintesis.com.ar\/index.php\/wp-json\/wp\/v2\/users\/1"}],"replies":[{"embeddable":true,"href":"https:\/\/chacosintesis.com.ar\/index.php\/wp-json\/wp\/v2\/comments?post=19115"}],"version-history":[{"count":0,"href":"https:\/\/chacosintesis.com.ar\/index.php\/wp-json\/wp\/v2\/posts\/19115\/revisions"}],"wp:featuredmedia":[{"embeddable":true,"href":"https:\/\/chacosintesis.com.ar\/index.php\/wp-json\/wp\/v2\/media\/19116"}],"wp:attachment":[{"href":"https:\/\/chacosintesis.com.ar\/index.php\/wp-json\/wp\/v2\/media?parent=19115"}],"wp:term":[{"taxonomy":"category","embeddable":true,"href":"https:\/\/chacosintesis.com.ar\/index.php\/wp-json\/wp\/v2\/categories?post=19115"},{"taxonomy":"post_tag","embeddable":true,"href":"https:\/\/chacosintesis.com.ar\/index.php\/wp-json\/wp\/v2\/tags?post=19115"}],"curies":[{"name":"wp","href":"https:\/\/api.w.org\/{rel}","templated":true}]}}