{"id":19107,"date":"2023-02-20T08:42:00","date_gmt":"2023-02-20T11:42:00","guid":{"rendered":"https:\/\/chacosintesis.com.ar\/?p=19107"},"modified":"2023-02-20T09:06:38","modified_gmt":"2023-02-20T12:06:38","slug":"semana-clave-para-definir-el-inicio-normal-de-clases","status":"publish","type":"post","link":"https:\/\/chacosintesis.com.ar\/index.php\/semana-clave-para-definir-el-inicio-normal-de-clases\/","title":{"rendered":"Semana clave para definir el inicio normal de clases"},"content":{"rendered":"<p>Tienen plazo hasta el viernes para manifestar si aceptan o no. Gremios destacan incorporaci\u00f3n de cl\u00e1usula gatillo aunque &#8220;sea insuficiente&#8221;. Sitech, cr\u00edtica con la oferta.<br \/>\nEl gobierno provincial ya realiz\u00f3 su oferta a los docentes el \u00faltimo. Ahora los gremios docentes deber\u00e1n ponerlo a consideraci\u00f3n con los maestros y profesores de la provincia y manifestar si aceptan o no, con plazo hasta este viernes 24. De esta manera, \u00e9sta ser\u00e1 una semana clave para conocer si las clases iniciar\u00e1n sin medidas de fuerza en el Chaco.<br \/>\nSeg\u00fan inform\u00f3 el gobierno, la propuesta garantiza un piso de aumento del 70% en el a\u00f1o, aunque podr\u00eda ser m\u00e1s dependiendo de la inflaci\u00f3n con la cl\u00e1usula gatillo trimestral. En este sentido, si la inflaci\u00f3n anual del 2023 es del 90%, el incremento anual para los docentes ser\u00e1 del porcentaje de inflaci\u00f3n anual m\u00e1s un 10%.<br \/>\nEn este sentido, las entidades sindicales del Frente Gremial Docente (Atech, Utre-Ctera y Sadop) informaron que a la comunidad educativa chaque\u00f1a que en la reuni\u00f3n de pol\u00edtica salarial se marc\u00f3 que \u2018todo contin\u00faa siendo insuficiente en el contexto de crisis socioecon\u00f3mica\u2018.<br \/>\nSin embargo, pondr\u00e1n a consideraci\u00f3n de los docentes nucleados en el Frente \u2018para resolver en consecuencia\u2018. Destacan en la propuesta \u2018la incorporaci\u00f3n de la cl\u00e1usula gatillo, herramienta lograda por la docencia chaque\u00f1a a trav\u00e9s del Frente; como la pol\u00edtica de recomposici\u00f3n salarial, por cuya profundizaci\u00f3n se trabaja a diario desde el espacio\u2018.<br \/>\nLA POSICI\u00d3N DE SITECH FEDERACI\u00d3N<br \/>\nEn este marco, Eduardo Mijno -secretario general de Sitech Federaci\u00f3n- dijo a NORTE que \u2018para nosotros est\u00e1 planteado el conflicto en cuanto a que no se dio respuesta a todo lo planteado por el sindicato. Este mi\u00e9rcoles 22 salimos a las escuelas a consultar y debatir con los docentes, y definir si iniciamos o no las clases\u2018.<br \/>\n\u2018Con la propuesta de gobierno solo se recupera poder adquisitivo real en un 5% en junio y 200 puntos en septiembre que es un poco menos de $4.000. No dieron respuesta sobre la devoluci\u00f3n de haberes descontados por d\u00edas de paros, tampoco sobre la continuidad de la convocatoria del Congreso Pedag\u00f3gico\u2018, dijo Mijno.<br \/>\n\u2018No quieren eliminar el negocio millonario de los post\u00edtulos, entre otros temas planteados. Sitech reclamar recuperar un 60% del poder adquisitivo perdido con las gestiones de (los gobernadores Domingo) Peppo y (Jorge) Capitanich\u2018, manifest\u00f3.<br \/>\nDiarioNorte.-<\/p>\n","protected":false},"excerpt":{"rendered":"<p>Tienen plazo hasta el viernes para manifestar si aceptan o no. Gremios destacan incorporaci\u00f3n de cl\u00e1usula gatillo aunque &#8220;sea insuficiente&#8221;. Sitech, cr\u00edtica con la oferta. El gobierno provincial ya realiz\u00f3 su oferta a los docentes el \u00faltimo. Ahora los gremios docentes deber\u00e1n ponerlo a consideraci\u00f3n con los maestros y profesores de la provincia y manifestar [&hellip;]<\/p>\n","protected":false},"author":1,"featured_media":19108,"comment_status":"closed","ping_status":"closed","sticky":false,"template":"","format":"standard","meta":{"footnotes":""},"categories":[6],"tags":[197],"class_list":{"0":"post-19107","1":"post","2":"type-post","3":"status-publish","4":"format-standard","5":"has-post-thumbnail","7":"category-chaco","8":"tag-destacada"},"_links":{"self":[{"href":"https:\/\/chacosintesis.com.ar\/index.php\/wp-json\/wp\/v2\/posts\/19107","targetHints":{"allow":["GET"]}}],"collection":[{"href":"https:\/\/chacosintesis.com.ar\/index.php\/wp-json\/wp\/v2\/posts"}],"about":[{"href":"https:\/\/chacosintesis.com.ar\/index.php\/wp-json\/wp\/v2\/types\/post"}],"author":[{"embeddable":true,"href":"https:\/\/chacosintesis.com.ar\/index.php\/wp-json\/wp\/v2\/users\/1"}],"replies":[{"embeddable":true,"href":"https:\/\/chacosintesis.com.ar\/index.php\/wp-json\/wp\/v2\/comments?post=19107"}],"version-history":[{"count":0,"href":"https:\/\/chacosintesis.com.ar\/index.php\/wp-json\/wp\/v2\/posts\/19107\/revisions"}],"wp:featuredmedia":[{"embeddable":true,"href":"https:\/\/chacosintesis.com.ar\/index.php\/wp-json\/wp\/v2\/media\/19108"}],"wp:attachment":[{"href":"https:\/\/chacosintesis.com.ar\/index.php\/wp-json\/wp\/v2\/media?parent=19107"}],"wp:term":[{"taxonomy":"category","embeddable":true,"href":"https:\/\/chacosintesis.com.ar\/index.php\/wp-json\/wp\/v2\/categories?post=19107"},{"taxonomy":"post_tag","embeddable":true,"href":"https:\/\/chacosintesis.com.ar\/index.php\/wp-json\/wp\/v2\/tags?post=19107"}],"curies":[{"name":"wp","href":"https:\/\/api.w.org\/{rel}","templated":true}]}}