{"id":19100,"date":"2023-02-20T08:17:58","date_gmt":"2023-02-20T11:17:58","guid":{"rendered":"https:\/\/chacosintesis.com.ar\/?p=19100"},"modified":"2023-02-20T08:36:36","modified_gmt":"2023-02-20T11:36:36","slug":"el-ingreso-de-droga-y-de-bandas-a-nuestro-pais-hoy-es-incontenible","status":"publish","type":"post","link":"https:\/\/chacosintesis.com.ar\/index.php\/el-ingreso-de-droga-y-de-bandas-a-nuestro-pais-hoy-es-incontenible\/","title":{"rendered":"&#8220;El ingreso de droga y de bandas a nuestro pa\u00eds, hoy es incontenible&#8221;"},"content":{"rendered":"<p>De visita en charata, analiz\u00f3 el escenario actual de la seguridad y reconoci\u00f3 que est\u00e1 aumentando el nivel de complejidad.<br \/>\nDe forma contundente, el fiscal federal Patricio Sabadini asegur\u00f3 que la violencia callejera y ciertos modelos delictivos, como el que se observa en Rosario, se est\u00e1 replicando y es necesario \u2018cortar de cuajo esta escalada\u2018.<br \/>\nEn el marco de sus visitas frecuentes a Charata, ciudad en la cual ejerci\u00f3 en la justicia durante seis, de los 17 a\u00f1os de carrera que lleva, el fiscal federal de Resistencia, Patricio Sabadini, dialog\u00f3 sobre el impacto de las \u00faltimas causas de seguridad que se dieron en la provincia, y el aumento de delitos violentos.<br \/>\n\u2018El \u00faltimo a\u00f1o ha sido movido, con causas que vinculan no s\u00f3lo con lo que respecta al narcotr\u00e1fico en general, sino tambi\u00e9n a funcionarios judiciales y personal de fuerzas de seguridad que est\u00e1n involucrados en una red de armado de causas, concretamente de narcomenudeo\u2018, reconoci\u00f3 Sabadini.<br \/>\n\u2018Es preocupante, porque ya no s\u00f3lo tenemos que cuidarnos de las personas que trafican droga sino tambi\u00e9n cuidarnos de quienes tienen que cuidarnos a nosotros: el escenario es bastante complejo\u2018, expres\u00f3 el fiscal, sobre las causas m\u00e1s resonantes que sacuden a la provincia desde el 2022.<br \/>\nSabadini, analiz\u00f3 que estos casos, en particular \u2018es un dato criminol\u00f3gico importante; porque es un modelo que empez\u00f3 en el pa\u00eds hace unos a\u00f1os en Rosario y es prudente que se corte de cuajo para que no tenga un efecto expansivo\u2018.<br \/>\nFue m\u00e1s all\u00e1 y destac\u00f3 que \u2018dejar que las fuerzas de seguridad se auto regulen fue uno de los factores que determinaron que haya esta violencia vinculado con el tr\u00e1fico de estupefacientes\u2018. Sin embargo, indic\u00f3 que \u2018no hay una crisis institucional en la fuerza, por ahora, sino gente que malversa el uniforme\u2018.<br \/>\n\u2018Es muy grave, porque las fuerzas de seguridad en general, es una de las patas de importantes a la hora de prevenir el tr\u00e1fico, en una zona tan compleja, como esta que es de paso, y que despu\u00e9s se vuelca en el narcomenudo\u2018, agreg\u00f3.<br \/>\nRespecto a esta afirmaci\u00f3n, el fiscal fue contundente: \u2018el ingreso de la droga a nuestro pa\u00eds y de bandas de narcotraficantes, es irreversible, es incontenible. Habr\u00eda que pensar en una tarea de contenci\u00f3n. El ingreso por las fronteras de nuestro pa\u00eds es inevitable\u2018.<br \/>\nComparando la situaci\u00f3n que atraviesa Estados Unidos, con la extensi\u00f3n territorio que tiene y los recursos que cuenta, y la complejidad de hacerlo en el pa\u00eds, con las herramientas que se cuentan. Respecto a los robos de avionetas (en Resistencia y Villa \u00c1ngela), explic\u00f3 que \u2018el caso de la avioneta robada en Resistencia, aun suponiendo que es un elemento vinculado al narcotr\u00e1fico, est\u00e1 en manos de la justicia provincial.<br \/>\nRespecto a la de Villa \u00c1ngela, lo lleva la justicia provincial. Uno puede suponer, pero tenemos que guiarnos por pruebas. En este caso, habr\u00e1 que trabajar en un alerta sobre los aeroclubes, con Seguridad Aeroportuaria y ANAC\u2018.<br \/>\nTRABAJO CONJUNTO<br \/>\nSabadini destac\u00f3 que el \u00faltimo tiempo, el Ministerio de Seguridad de la provincia, por pedido del Gobernador Jorge Capitanich, convoc\u00f3 a una mesa interdisciplinaria para tratar esta tem\u00e1tica.<br \/>\n\u2018Reci\u00e9n empezamos a tener contacto, y hay que destacar que las mismas fuerzas involucradas en los \u00faltimos casos, se hicieron cargo de limpiar estas irregularidades para poder continuar\u2018 indic\u00f3 sobre el escenario actual, en la provincia Sabadini reconoci\u00f3 que no es optimista.<br \/>\n\u2018Estamos escalando en el nivel de complejidad\u2018, indic\u00f3, pero manifest\u00f3 que se necesita un diagn\u00f3stico. \u2018Necesitamos cifras, n\u00fameros para empezar a operar, buscar la soluci\u00f3n. Hay una situaci\u00f3n de violencia callejera palpable, vinculada a un sector vulnerable, puede ser, vinculada por influencia del consumo, pero lo que mayormente contribuye a esto es la situaci\u00f3n de anomia\u2018 (NdR: seg\u00fan Oxford, \u2018estado de desorganizaci\u00f3n social o aislamiento del individuo como consecuencia de la falta o la incongruencia de las normas sociales\u2018), indic\u00f3.<br \/>\n\u2018Desde cruzar un sem\u00e1foro en rojo a cometer un delito, es una cuesti\u00f3n de conciencia colectiva. Nadie cumple las normas y no hay consecuencia por ello\u2018, remarc\u00f3. Tambi\u00e9n puso como ejemplo la protesta social, denominada piquete, sobre lo cual se\u00f1al\u00f3 \u2018hoy pueden cortar la calle o rutas sin consecuencias. Muchas veces son v\u00edctimas de otros vivos, mayormente las mujeres con ni\u00f1os, que van bajo amenazas de no percibir planes sociales, por ejemplo; y es una tarea nuestra la de meternos y ver de lleno, hacer una disecci\u00f3n en ese escenario\u2018.<br \/>\n\u2018A veces soy pesimista, y el contexto hace que todo sea un desaf\u00edo m\u00e1s grande, pero esta es una tarea colectiva, necesitamos que la sociedad se comprometa\u2018, destac\u00f3. Consultado sobre su seguridad personal, ante las causas que trabaja en los \u00faltimos a\u00f1os, Sabadini dijo: \u2018Estoy acostumbrado.\u2018 No me puedo quejar, yo asumo el riesgo, es como si el bombero se queja del fuego\u2018, cerr\u00f3.<br \/>\nDiarioNorte.-<\/p>\n","protected":false},"excerpt":{"rendered":"<p>De visita en charata, analiz\u00f3 el escenario actual de la seguridad y reconoci\u00f3 que est\u00e1 aumentando el nivel de complejidad. De forma contundente, el fiscal federal Patricio Sabadini asegur\u00f3 que la violencia callejera y ciertos modelos delictivos, como el que se observa en Rosario, se est\u00e1 replicando y es necesario \u2018cortar de cuajo esta escalada\u2018. [&hellip;]<\/p>\n","protected":false},"author":1,"featured_media":19101,"comment_status":"closed","ping_status":"closed","sticky":false,"template":"","format":"standard","meta":{"footnotes":""},"categories":[8],"tags":[197],"class_list":{"0":"post-19100","1":"post","2":"type-post","3":"status-publish","4":"format-standard","5":"has-post-thumbnail","7":"category-nacionales","8":"tag-destacada"},"_links":{"self":[{"href":"https:\/\/chacosintesis.com.ar\/index.php\/wp-json\/wp\/v2\/posts\/19100","targetHints":{"allow":["GET"]}}],"collection":[{"href":"https:\/\/chacosintesis.com.ar\/index.php\/wp-json\/wp\/v2\/posts"}],"about":[{"href":"https:\/\/chacosintesis.com.ar\/index.php\/wp-json\/wp\/v2\/types\/post"}],"author":[{"embeddable":true,"href":"https:\/\/chacosintesis.com.ar\/index.php\/wp-json\/wp\/v2\/users\/1"}],"replies":[{"embeddable":true,"href":"https:\/\/chacosintesis.com.ar\/index.php\/wp-json\/wp\/v2\/comments?post=19100"}],"version-history":[{"count":0,"href":"https:\/\/chacosintesis.com.ar\/index.php\/wp-json\/wp\/v2\/posts\/19100\/revisions"}],"wp:featuredmedia":[{"embeddable":true,"href":"https:\/\/chacosintesis.com.ar\/index.php\/wp-json\/wp\/v2\/media\/19101"}],"wp:attachment":[{"href":"https:\/\/chacosintesis.com.ar\/index.php\/wp-json\/wp\/v2\/media?parent=19100"}],"wp:term":[{"taxonomy":"category","embeddable":true,"href":"https:\/\/chacosintesis.com.ar\/index.php\/wp-json\/wp\/v2\/categories?post=19100"},{"taxonomy":"post_tag","embeddable":true,"href":"https:\/\/chacosintesis.com.ar\/index.php\/wp-json\/wp\/v2\/tags?post=19100"}],"curies":[{"name":"wp","href":"https:\/\/api.w.org\/{rel}","templated":true}]}}