{"id":19071,"date":"2023-02-17T17:49:16","date_gmt":"2023-02-17T20:49:16","guid":{"rendered":"https:\/\/chacosintesis.com.ar\/?p=19071"},"modified":"2023-02-17T18:07:31","modified_gmt":"2023-02-17T21:07:31","slug":"chaco-se-prepara-para-vivir-el-fin-de-semana-de-carnaval-a-pleno-en-26-localidades","status":"publish","type":"post","link":"https:\/\/chacosintesis.com.ar\/index.php\/chaco-se-prepara-para-vivir-el-fin-de-semana-de-carnaval-a-pleno-en-26-localidades\/","title":{"rendered":"Chaco se prepara para vivir el fin de semana de carnaval a pleno en 26 localidades"},"content":{"rendered":"<p>Toda la geograf\u00eda de la provincia se prepara para vivir la fiesta del Rey Momo desde este viernes 17 al martes 22. Tambi\u00e9n se los puede seguir por la pantalla de Chaco TV desde las 22.<\/p>\n<p>En 26 localidades desfilar\u00e1n las comparsas por lo que la oferta para visitar la provincia es amplia y variada. Makall\u00e9, Pampa Almir\u00f3n, Pampa del Indio, Barranqueras, Colonia Ben\u00edtez, Colonia Elisa, Fontana y la Isla del Cerrito sacar\u00e1n a lucir el brillo de sus pasistas este viernes 17, en sus respectivos cors\u00f3dromos.<br \/>\nEl s\u00e1bado 18 seguir\u00e1 la fiesta del Rey Momo en Barranqueras, Colonia Ben\u00edtez, Colonia Elisa, Fontana, Makall\u00e9, Pampa del Indio y la Isla del Cerrito; se sumar\u00e1n Las Palmas, Machagai, Presidencia de la Plaza, Puerto Tirol, Quitilipi, Villa \u00c1ngela, General Pinedo, Juan Jos\u00e9 Castelli y Las Bre\u00f1as.<br \/>\nEl domingo 19 Fontana, Castelli, Las Bre\u00f1as, Las Palmas, Los Frentones, Makall\u00e9, Tirol, Quitilipi, Pampa del Indio, Hermoso Campo y Villa \u00c1ngela vivir\u00e1n los carnavales, donde en muchas localidades ya ser\u00e1 la \u00faltima jornada de celebraci\u00f3n.<br \/>\nEl lunes 20 la fiesta carnestolenda se vivir\u00e1 en El Sauzalito, Fontana, Tirol y Puerto Eva Per\u00f3n. El \u00faltimo d\u00eda del fin de semana el carnaval se despide en la Isla del Cerrito.<br \/>\nRecordemos que \u201c100% Carnavales\u201d se vivi\u00f3 desde fin de enero en 33 localidades chaque\u00f1as y es una propuesta para incentivar esta fiesta popular y el turismo interno en la provincia. Se estima que la fiesta cultural y art\u00edstica de los carnavales involucra de manera directa a 10.000 chaque\u00f1os y chaque\u00f1as, y moviliza las econom\u00edas de cada comunidad.<\/p>\n","protected":false},"excerpt":{"rendered":"<p>Toda la geograf\u00eda de la provincia se prepara para vivir la fiesta del Rey Momo desde este viernes 17 al martes 22. Tambi\u00e9n se los puede seguir por la pantalla de Chaco TV desde las 22. En 26 localidades desfilar\u00e1n las comparsas por lo que la oferta para visitar la provincia es amplia y variada. [&hellip;]<\/p>\n","protected":false},"author":1,"featured_media":19072,"comment_status":"closed","ping_status":"closed","sticky":false,"template":"","format":"standard","meta":{"footnotes":""},"categories":[6],"tags":[],"class_list":{"0":"post-19071","1":"post","2":"type-post","3":"status-publish","4":"format-standard","5":"has-post-thumbnail","7":"category-chaco"},"_links":{"self":[{"href":"https:\/\/chacosintesis.com.ar\/index.php\/wp-json\/wp\/v2\/posts\/19071","targetHints":{"allow":["GET"]}}],"collection":[{"href":"https:\/\/chacosintesis.com.ar\/index.php\/wp-json\/wp\/v2\/posts"}],"about":[{"href":"https:\/\/chacosintesis.com.ar\/index.php\/wp-json\/wp\/v2\/types\/post"}],"author":[{"embeddable":true,"href":"https:\/\/chacosintesis.com.ar\/index.php\/wp-json\/wp\/v2\/users\/1"}],"replies":[{"embeddable":true,"href":"https:\/\/chacosintesis.com.ar\/index.php\/wp-json\/wp\/v2\/comments?post=19071"}],"version-history":[{"count":0,"href":"https:\/\/chacosintesis.com.ar\/index.php\/wp-json\/wp\/v2\/posts\/19071\/revisions"}],"wp:featuredmedia":[{"embeddable":true,"href":"https:\/\/chacosintesis.com.ar\/index.php\/wp-json\/wp\/v2\/media\/19072"}],"wp:attachment":[{"href":"https:\/\/chacosintesis.com.ar\/index.php\/wp-json\/wp\/v2\/media?parent=19071"}],"wp:term":[{"taxonomy":"category","embeddable":true,"href":"https:\/\/chacosintesis.com.ar\/index.php\/wp-json\/wp\/v2\/categories?post=19071"},{"taxonomy":"post_tag","embeddable":true,"href":"https:\/\/chacosintesis.com.ar\/index.php\/wp-json\/wp\/v2\/tags?post=19071"}],"curies":[{"name":"wp","href":"https:\/\/api.w.org\/{rel}","templated":true}]}}