{"id":19069,"date":"2023-02-17T10:28:44","date_gmt":"2023-02-17T13:28:44","guid":{"rendered":"https:\/\/chacosintesis.com.ar\/?p=19069"},"modified":"2023-02-17T10:36:52","modified_gmt":"2023-02-17T13:36:52","slug":"capitanich-acuerdo-programatico-para-ganar-las-elecciones-y-una-estrategia-para-evitar-la-proscripcion-de-cristina-kirchner","status":"publish","type":"post","link":"https:\/\/chacosintesis.com.ar\/index.php\/capitanich-acuerdo-programatico-para-ganar-las-elecciones-y-una-estrategia-para-evitar-la-proscripcion-de-cristina-kirchner\/","title":{"rendered":"Capitanich: \u201cAcuerdo program\u00e1tico para ganar las elecciones y una estrategia para evitar la proscripci\u00f3n de Cristina Kirchner\u201d"},"content":{"rendered":"<p>El gobernador Jorge Capitanich particip\u00f3 ayer en la sede del Partido Justicialista nacional del primer encuentro de la mesa pol\u00edtica del Frente de Todos convocada por el presidente Alberto Fernandez. Despu\u00e9s del encuentro que se extendi\u00f3 por m\u00e1s de cinco horas y termin\u00f3 pasadas la 1.30 de la madrugada del viernes en la sede partidaria del PJ, el gobernador Capitanich en contacto con los medios de prensa se\u00f1al\u00f3 que se trabaja en \u201cuna estrategia para evitar la proscripci\u00f3n de Cristina Kirchner\u201d.  Para ello \u201cse conformar\u00e1 un plan de acci\u00f3n y una comisi\u00f3n a los efectos de que ella (por Cristina Fernandez de Kirchner) desista de la voluntad de no participar de las elecciones como candidata\u201d.<br \/>\nEn este contexto, Capitanich adelant\u00f3 que se acord\u00f3 \u201cgenerar un acuerdo program\u00e1tico con el objetivo de garantizar el triunfo electoral en el a\u00f1o 2023\u201d.<br \/>\nAl ser consultado sobre posibles candidaturas, el gobernador Captianich enfatiz\u00f3: \u201caqu\u00ed nadie habl\u00f3 de candidaturas.<br \/>\nEl gobernador chaque\u00f1o agreg\u00f3 que en el encuentro \u201cse realiz\u00f3 un extenso y exhaustivo an\u00e1lisis sobre el estado de situaci\u00f3n de la Argentina, del mundo y de lo que hay que hacer para adelante\u201d. En el encuentro se trat\u00f3 sobre todo de \u201cla voluntad de unidad y un plan de acci\u00f3n para ganar las elecciones\u00b7.<br \/>\nEl encuentro concluy\u00f3 pasadas las  1.30 de la madrugada del viernes en la sede partidaria del PJ, con un discurso del presidente Alberto Fern\u00e1ndez y la difusi\u00f3n de un documento titulado &#8220;Democracia sin proscripciones&#8221;. Unidad para transformar&#8221;.<\/p>\n<p>Reforzar la unidad en la diversidad<\/p>\n<p>El texto del documento fue debatido al detalle por todos los espacios pol\u00edticos, sociales y sindicales que componen la coalici\u00f3n oficialista y en uno de sus puntos claves, en el p\u00e1rrafo quinto, hace expl\u00edcito el compromiso de quienes integran la mesa de &#8220;disponer las acciones necesarias para impedir la proscripci\u00f3n de la compa\u00f1era vicepresidenta Cristina Fern\u00e1ndez de Kirchner&#8221;.<br \/>\nEse planteo subraya que el &#8220;liderazgo y potencia electoral&#8221; de la Vicepresidenta &#8220;no puede ser arrebatado&#8221; a los votantes del FdT, y apunta sobre el Poder Judicial al se\u00f1alar que &#8220;no hay, o no deber\u00eda haber, ning\u00fan poder econ\u00f3mico, medi\u00e1tico o judicial capaz de decidir por encima de la voluntad popular&#8221;.<br \/>\nOtro punto sustancial del documento advierte que una &#8220;parte fundamental de la estrategia&#8221; del oficialismo ser\u00e1 &#8220;reforzar la unidad en la diversidad&#8221;, para lo cual se propone &#8220;articular las diferentes miradas del FdT y tambi\u00e9n a quienes se quieran sumar a este proyecto por una Argentina que crezca con paz, igualdad y libertad&#8221;.<br \/>\nEn ese sentido, los dirigentes del FdT que estuvieron en el local de Matheu 130 coincidieron que el recurso para encontrar una s\u00edntesis entre esa diversidad ser\u00e1n las Primarias Abiertas, Simult\u00e1neas y Obligatorias (PASO).<br \/>\nLos 33 participantes del encuentro coincidieron en que esa instancia de participaci\u00f3n creada por ley ser\u00e1 la mejor alternativa para definir las principales candidaturas de la coalici\u00f3n gobernante, un espacio plural y heterog\u00e9neo que incluye fuertes debates en su interior y no oculta sus diferencias.<br \/>\nLa mesa pol\u00edtica del FdT hab\u00eda sido convocada por el jefe de Estado, en su car\u00e1cter de presidente del PJ, para debatir los temas &#8220;electorales&#8221; del FdT rumbo a las primarias que ser\u00e1n convocadas para el mes de agosto y las elecciones generales de octubre.<br \/>\nLos 33 asistentes a la sede del PJ nacional reflejaron las distintas vertientes y posturas de la actualidad del oficialista, con la presencia de alrededor de cinco miembros por cada uno de los sectores que componen el FdT; entre los principales dirigentes estuvieron el ministro de Econom\u00eda, Sergio Massa; el referente de La C\u00e1mpora y presidente del PJ bonaerense, M\u00e1ximo Kirchner; el ministro del Interior, Eduardo &#8216;Wado&#8217; De Pedro; y los gobernadores Axel Kicillof y Jorge Capitanich, entre otros.<br \/>\nEl presidente Fern\u00e1ndez ingres\u00f3 a las 19.45 acompa\u00f1ado por el jefe de Gabinete, Agust\u00edn Rossi; el canciller Santiago Cafiero; y la ministra de Desarrollo Social, Victoria Tolosa Paz.<br \/>\nSorprendi\u00f3 la asistencia de M\u00e1ximo Kirchner porque su participaci\u00f3n no estaba prevista y adem\u00e1s coincid\u00eda con su cumplea\u00f1os n\u00famero 46.<br \/>\nAdem\u00e1s de los mencionados, completaron la lista de 33 asistentes funcionarios del Ejecutivo que son de confianza del jefe de Estado, como el flamante jefe de Gabinete Agust\u00edn Rossi, el canciller Santiago Cafiero, el vicejefe de Gabinete Juan Manuel Olmos y el secretario general de la Presidencia, Julio Vitobello.<br \/>\nPor el kirchnerismo participaron el ministro de Desarrollo de la Comunidad bonaerense Andr\u00e9s Larroque y la senadora Anabel Fern\u00e1ndez Sagasti, mientras que por el Frente Renovador de Massa se sentaron a la mesa la titular de Aysa, Malena Galmarini; la presidente de la C\u00e1mara de Diputados, Cecilia Moreau; el ministro de Transporte, Diego Giuliano; y los dirigentes Rub\u00e9n Eslaiman y Juan Andreotti.<br \/>\nLa representaci\u00f3n de los gobernadores se complet\u00f3, a su vez, con Gerardo Zamora (Santiago del Estero), Gustavo Bordet (Entre R\u00edos) y Mariano Arcioni (Chubut).<br \/>\nEn representaci\u00f3n de los intendentes asistieron Mario Secco, Fernando Espinoza y Mayra Mendoza, por la Tercera Secci\u00f3n electoral del conurbano bonaerense, y Alberto Descalzo, Mariel Fern\u00e1ndez y Lucas Ghi por la Primera Secci\u00f3n.<br \/>\nEntre los sindicalistas asistieron los cotitulares de la CGT H\u00e9ctor Daer y Pablo Moyano, y por el sindicalismo cercano a la vicepresidenta Cristina Fern\u00e1ndez fueron de la partida Hugo Yasky, Sergio Palazzo y Abel Furl\u00e1n.<\/p>\n","protected":false},"excerpt":{"rendered":"<p>El gobernador Jorge Capitanich particip\u00f3 ayer en la sede del Partido Justicialista nacional del primer encuentro de la mesa pol\u00edtica del Frente de Todos convocada por el presidente Alberto Fernandez. Despu\u00e9s del encuentro que se extendi\u00f3 por m\u00e1s de cinco horas y termin\u00f3 pasadas la 1.30 de la madrugada del viernes en la sede partidaria [&hellip;]<\/p>\n","protected":false},"author":1,"featured_media":19070,"comment_status":"closed","ping_status":"closed","sticky":false,"template":"","format":"standard","meta":{"footnotes":""},"categories":[6],"tags":[],"class_list":{"0":"post-19069","1":"post","2":"type-post","3":"status-publish","4":"format-standard","5":"has-post-thumbnail","7":"category-chaco"},"_links":{"self":[{"href":"https:\/\/chacosintesis.com.ar\/index.php\/wp-json\/wp\/v2\/posts\/19069","targetHints":{"allow":["GET"]}}],"collection":[{"href":"https:\/\/chacosintesis.com.ar\/index.php\/wp-json\/wp\/v2\/posts"}],"about":[{"href":"https:\/\/chacosintesis.com.ar\/index.php\/wp-json\/wp\/v2\/types\/post"}],"author":[{"embeddable":true,"href":"https:\/\/chacosintesis.com.ar\/index.php\/wp-json\/wp\/v2\/users\/1"}],"replies":[{"embeddable":true,"href":"https:\/\/chacosintesis.com.ar\/index.php\/wp-json\/wp\/v2\/comments?post=19069"}],"version-history":[{"count":0,"href":"https:\/\/chacosintesis.com.ar\/index.php\/wp-json\/wp\/v2\/posts\/19069\/revisions"}],"wp:featuredmedia":[{"embeddable":true,"href":"https:\/\/chacosintesis.com.ar\/index.php\/wp-json\/wp\/v2\/media\/19070"}],"wp:attachment":[{"href":"https:\/\/chacosintesis.com.ar\/index.php\/wp-json\/wp\/v2\/media?parent=19069"}],"wp:term":[{"taxonomy":"category","embeddable":true,"href":"https:\/\/chacosintesis.com.ar\/index.php\/wp-json\/wp\/v2\/categories?post=19069"},{"taxonomy":"post_tag","embeddable":true,"href":"https:\/\/chacosintesis.com.ar\/index.php\/wp-json\/wp\/v2\/tags?post=19069"}],"curies":[{"name":"wp","href":"https:\/\/api.w.org\/{rel}","templated":true}]}}