{"id":19066,"date":"2023-02-17T09:08:32","date_gmt":"2023-02-17T12:08:32","guid":{"rendered":"https:\/\/chacosintesis.com.ar\/?p=19066"},"modified":"2023-02-17T09:36:59","modified_gmt":"2023-02-17T12:36:59","slug":"las-clases-comienzan-el-1-de-marzo-en-chaco","status":"publish","type":"post","link":"https:\/\/chacosintesis.com.ar\/index.php\/las-clases-comienzan-el-1-de-marzo-en-chaco\/","title":{"rendered":"Las clases comienzan el 1 de marzo en Chaco"},"content":{"rendered":"<p>La presentaci\u00f3n del personal docente es el mi\u00e9rcoles 22.<br \/>\nA trav\u00e9s de la modificatoria de la Resoluci\u00f3n N\u00ba 4974\/2022, el Ministerio de Educaci\u00f3n oficializ\u00f3 que la fecha de inicio del a\u00f1o escolar 2023 es el mi\u00e9rcoles 1 de marzo. Este d\u00eda se presentar\u00e1n en sus jardines y escuelas las y los estudiantes de Inicial, Primaria y Secundaria. Reci\u00e9n el 17 de abril ser\u00e1 el turno de las y los estudiantes del Nivel Terciario.<br \/>\nSeg\u00fan lo establece el Calendario Escolar 2023, el per\u00edodo comienza el mi\u00e9rcoles 22 con la presentaci\u00f3n del personal docente, desde supervisores, directivos, rectores, docentes, no docentes y administrativos.<br \/>\nEl mi\u00e9rcoles 1 de marzo se abrir\u00e1n las puertas de jardines y escuelas para recibir a las y los estudiantes, junto a sus familias y docentes, de los niveles Inicial, Primario y Secundario y todas sus modalidades.<br \/>\nEl primer cuatrimestre del Nivel Terciario comenzar\u00e1 el 17 de abril y finalizar\u00e1 el 14 de julio.<br \/>\nEl receso escolar de invierno ser\u00e1 del 17 al 28 de julio y el a\u00f1o escolar 2023 termina el 20 de diciembre, mientras que el 22 terminar\u00e1n las obligaciones laborales para la docencia.<br \/>\nNorte.-<\/p>\n","protected":false},"excerpt":{"rendered":"<p>La presentaci\u00f3n del personal docente es el mi\u00e9rcoles 22. A trav\u00e9s de la modificatoria de la Resoluci\u00f3n N\u00ba 4974\/2022, el Ministerio de Educaci\u00f3n oficializ\u00f3 que la fecha de inicio del a\u00f1o escolar 2023 es el mi\u00e9rcoles 1 de marzo. Este d\u00eda se presentar\u00e1n en sus jardines y escuelas las y los estudiantes de Inicial, Primaria [&hellip;]<\/p>\n","protected":false},"author":1,"featured_media":19067,"comment_status":"closed","ping_status":"closed","sticky":false,"template":"","format":"standard","meta":{"footnotes":""},"categories":[6],"tags":[197],"class_list":{"0":"post-19066","1":"post","2":"type-post","3":"status-publish","4":"format-standard","5":"has-post-thumbnail","7":"category-chaco","8":"tag-destacada"},"_links":{"self":[{"href":"https:\/\/chacosintesis.com.ar\/index.php\/wp-json\/wp\/v2\/posts\/19066","targetHints":{"allow":["GET"]}}],"collection":[{"href":"https:\/\/chacosintesis.com.ar\/index.php\/wp-json\/wp\/v2\/posts"}],"about":[{"href":"https:\/\/chacosintesis.com.ar\/index.php\/wp-json\/wp\/v2\/types\/post"}],"author":[{"embeddable":true,"href":"https:\/\/chacosintesis.com.ar\/index.php\/wp-json\/wp\/v2\/users\/1"}],"replies":[{"embeddable":true,"href":"https:\/\/chacosintesis.com.ar\/index.php\/wp-json\/wp\/v2\/comments?post=19066"}],"version-history":[{"count":0,"href":"https:\/\/chacosintesis.com.ar\/index.php\/wp-json\/wp\/v2\/posts\/19066\/revisions"}],"wp:featuredmedia":[{"embeddable":true,"href":"https:\/\/chacosintesis.com.ar\/index.php\/wp-json\/wp\/v2\/media\/19067"}],"wp:attachment":[{"href":"https:\/\/chacosintesis.com.ar\/index.php\/wp-json\/wp\/v2\/media?parent=19066"}],"wp:term":[{"taxonomy":"category","embeddable":true,"href":"https:\/\/chacosintesis.com.ar\/index.php\/wp-json\/wp\/v2\/categories?post=19066"},{"taxonomy":"post_tag","embeddable":true,"href":"https:\/\/chacosintesis.com.ar\/index.php\/wp-json\/wp\/v2\/tags?post=19066"}],"curies":[{"name":"wp","href":"https:\/\/api.w.org\/{rel}","templated":true}]}}