{"id":19051,"date":"2023-02-16T08:51:14","date_gmt":"2023-02-16T11:51:14","guid":{"rendered":"https:\/\/chacosintesis.com.ar\/?p=19051"},"modified":"2023-02-16T09:08:01","modified_gmt":"2023-02-16T12:08:01","slug":"la-audiencia-publica-de-secheep-se-transmitira-en-vivo-por-facebook-y-youtube","status":"publish","type":"post","link":"https:\/\/chacosintesis.com.ar\/index.php\/la-audiencia-publica-de-secheep-se-transmitira-en-vivo-por-facebook-y-youtube\/","title":{"rendered":"La audiencia p\u00fablica de Secheep se transmitir\u00e1 en vivo por Facebook y YouTube"},"content":{"rendered":"<p>Desde la empresa buscan que toda la gente pueda escuchar el plan de obras que presentar\u00e1 en la jornada del 24 de febrero, en General San Mart\u00edn.<br \/>\nLa Audiencia P\u00fablica para tratar la actualizaci\u00f3n de la tarifa de energ\u00eda el\u00e9ctrica, que se celebrar\u00e1 el 24 de febrero, en General San Mart\u00edn, podr\u00e1 ser vista en directo, desde cualquier parte del mundo, a trav\u00e9s de las plataformas digitales de Youtube y Facebook. Asimismo, se record\u00f3 a las personas interesadas en participar como oradores, que no puedan acceder f\u00edsicamente al lugar, que pueden hacerlo en forma virtual, completando la inscripci\u00f3n previamente estipulada. \u201cEl objetivo es que toda la poblaci\u00f3n interesada pueda informarse sobre el plan de obras a ejecutar por Secheep, as\u00ed como los costos operativos y el plan de inversiones. Por ello es que se pone a disposici\u00f3n diferentes plataformas virtuales para que puedan escuchar tanto a quienes disertar\u00e1n en representaci\u00f3n de la empresa de los chaque\u00f1os, como al resto de los oradores\u201d, se\u00f1al\u00f3 el presidente de Secheep, Gast\u00f3n Blanquet, quien presidir\u00e1 la audiencia. Hay que recordar que, establecido por el Decreto provincial 95\/2023, la Audiencia P\u00fablica, convocada por el Ministerio de Planificaci\u00f3n, Econom\u00eda e Infraestructura de la Provincia del Chaco, se celebrar\u00e1 el 24 de febrero a las 9, en la Casa de la Cultura de General San Mart\u00edn, en donde el objeto de la jornada ser\u00e1 tratar la actualizaci\u00f3n de la tarifa de energ\u00eda el\u00e9ctrica y el Cargo Tarifario Espec\u00edfico.<\/p>\n<p>Oradores en forma presencial o virtual<\/p>\n<p>Siguiendo criterios para lograr una mayor participaci\u00f3n, Secheep dispuso los mecanismos necesarios para realizar la transmisi\u00f3n en vivo de la audiencia p\u00fablica. El objetivo es que las personas interesadas puedan seguir en directo el desarrollo de la jornada. Para ello, las acciones se transmitir\u00e1n por el canal de Youtube de Secheep; y por la cuenta de Facebook oficial de la empresa. Asimismo, para aquellas personas que se inscriban como expositoras en forma virtual, se habilitar\u00e1 una plataforma de video conferencia para su conexi\u00f3n, mediante la cual podr\u00e1n realizar su exposici\u00f3n. El objetivo es lograr una amplia participaci\u00f3n desde muchos puntos de la provincia e incluso de diferentes lugares del pa\u00eds, a trav\u00e9s de una plataforma digital que permitir\u00e1 que todos los inscriptos que no puedan ir hasta General San Mart\u00edn, puedan participar v\u00eda online.<\/p>\n<p>Sigue abierta la inscripci\u00f3n<\/p>\n<p>Los ciudadanos u organismos que quieran hacer uso de la palabra en la audiencia deber\u00e1n inscribirse hasta dos d\u00edas antes de la celebraci\u00f3n de la misma. La inscripci\u00f3n puede ser f\u00edsica o completando un formulario a trav\u00e9s de la p\u00e1gina web de la empresa energ\u00e9tica <a href=\"http:\/\/www.secheep.gob.ar\">www.secheep.gob.ar<\/a>. En ese marco, hay que recordar que el Decreto 95\/2023 estableci\u00f3 la habilitaci\u00f3n por 20 d\u00edas previos a la celebraci\u00f3n de la Audiencia P\u00fablica, el Registro de Inscripci\u00f3n de los Ciudadanos, Organismos Estatales o Personas que quieran hacer uso de la palabra en la audiencia p\u00fablica. La inscripci\u00f3n se efectuar\u00e1 hasta dos d\u00edas antes de la celebraci\u00f3n de la audiencia p\u00fablica, en las sedes de Secheep de Presidencia Roque S\u00e1enz Pe\u00f1a (Belgrano 566) y de Resistencia (S\u00e1enz Pe\u00f1a 190), as\u00ed como tambi\u00e9n, completando el formulario disponible en la p\u00e1gina web de la empresa: <a href=\"https:\/\/www.secheep.gob.ar\/\">www.secheep.gob.ar\/<\/a>. Desde Secheep \u2013 cuyas autoridades presidir\u00e1n el evento \u2013 informaron que el objetivo es lograr una amplia participaci\u00f3n desde muchos puntos de la provincia e incluso de diferentes lugares del pa\u00eds, a trav\u00e9s de una plataforma digital que permitir\u00e1 que todos los inscriptos que no puedan ir hasta General San Mart\u00edn, puedan participar v\u00eda online. Para completar el formulario de inscripci\u00f3n en forma presencial, las y los interesados deben acercarse a las sedes de Secheep de Resistencia (sita en calle Roque S\u00e1enz Pe\u00f1a N\u00b0190) o de Presidencia Roque S\u00e1enz Pe\u00f1a (Belgrano N\u00b0566); tanto que los que elijan hacerlo en forma virtual, pueden hacerlo completando la solicitud en la p\u00e1gina web <a href=\"https:\/\/www.secheep.gob.ar\/\">www.secheep.gob.ar\/<\/a>.<\/p>\n<p>Plan de obras, informe y estudio t\u00e9cnico, disponibles en la web<\/p>\n<p>Con el objetivo de que la ciudadan\u00eda pueda contar con anterioridad todo el informe del plan de obras, as\u00ed como las inversiones proyectadas y el an\u00e1lisis de costos del Valor Agregado de Distribuci\u00f3n (VAD) de Secheep, el informe ya est\u00e1 disponible en la p\u00e1gina web de la empresa. Hay que recordar que la convocatoria a la audiencia p\u00fablica fue publicada en el Bolet\u00edn Oficial de la Provincia del Chaco y en medios impresos durante dos d\u00edas seguidos, con lo cual se ha dado cumplimiento efectivo con lo establecido por la Ley de Audiencias P\u00fablicas N\u00b0 1027-A. Adem\u00e1s, el informe econ\u00f3mico de Secheep as\u00ed como el informe del cuadro tarifario ya est\u00e1n disponible en la p\u00e1gina web de la empresa energ\u00e9tica de los chaque\u00f1os, en el siguiente link: <a href=\"https:\/\/www.secheep.gob.ar\/\">www.secheep.gob.ar\/<\/a><\/p>\n","protected":false},"excerpt":{"rendered":"<p>Desde la empresa buscan que toda la gente pueda escuchar el plan de obras que presentar\u00e1 en la jornada del 24 de febrero, en General San Mart\u00edn. La Audiencia P\u00fablica para tratar la actualizaci\u00f3n de la tarifa de energ\u00eda el\u00e9ctrica, que se celebrar\u00e1 el 24 de febrero, en General San Mart\u00edn, podr\u00e1 ser vista en [&hellip;]<\/p>\n","protected":false},"author":1,"featured_media":19052,"comment_status":"closed","ping_status":"closed","sticky":false,"template":"","format":"standard","meta":{"footnotes":""},"categories":[6],"tags":[197],"class_list":{"0":"post-19051","1":"post","2":"type-post","3":"status-publish","4":"format-standard","5":"has-post-thumbnail","7":"category-chaco","8":"tag-destacada"},"_links":{"self":[{"href":"https:\/\/chacosintesis.com.ar\/index.php\/wp-json\/wp\/v2\/posts\/19051","targetHints":{"allow":["GET"]}}],"collection":[{"href":"https:\/\/chacosintesis.com.ar\/index.php\/wp-json\/wp\/v2\/posts"}],"about":[{"href":"https:\/\/chacosintesis.com.ar\/index.php\/wp-json\/wp\/v2\/types\/post"}],"author":[{"embeddable":true,"href":"https:\/\/chacosintesis.com.ar\/index.php\/wp-json\/wp\/v2\/users\/1"}],"replies":[{"embeddable":true,"href":"https:\/\/chacosintesis.com.ar\/index.php\/wp-json\/wp\/v2\/comments?post=19051"}],"version-history":[{"count":0,"href":"https:\/\/chacosintesis.com.ar\/index.php\/wp-json\/wp\/v2\/posts\/19051\/revisions"}],"wp:featuredmedia":[{"embeddable":true,"href":"https:\/\/chacosintesis.com.ar\/index.php\/wp-json\/wp\/v2\/media\/19052"}],"wp:attachment":[{"href":"https:\/\/chacosintesis.com.ar\/index.php\/wp-json\/wp\/v2\/media?parent=19051"}],"wp:term":[{"taxonomy":"category","embeddable":true,"href":"https:\/\/chacosintesis.com.ar\/index.php\/wp-json\/wp\/v2\/categories?post=19051"},{"taxonomy":"post_tag","embeddable":true,"href":"https:\/\/chacosintesis.com.ar\/index.php\/wp-json\/wp\/v2\/tags?post=19051"}],"curies":[{"name":"wp","href":"https:\/\/api.w.org\/{rel}","templated":true}]}}