{"id":19047,"date":"2023-02-15T12:17:05","date_gmt":"2023-02-15T15:17:05","guid":{"rendered":"https:\/\/chacosintesis.com.ar\/?p=19047"},"modified":"2023-02-15T12:37:33","modified_gmt":"2023-02-15T15:37:33","slug":"polini-recibio-el-acompanamiento-del-intendente-de-mision-nueva-pompeya","status":"publish","type":"post","link":"https:\/\/chacosintesis.com.ar\/index.php\/polini-recibio-el-acompanamiento-del-intendente-de-mision-nueva-pompeya\/","title":{"rendered":"Polini recibi\u00f3 el acompa\u00f1amiento del intendente de Misi\u00f3n Nueva Pompeya"},"content":{"rendered":"<p>El intendente de Misi\u00f3n Nueva Pompeya, Vicente Gonz\u00e1lez, expres\u00f3 su acompa\u00f1amiento a la candidatura a gobernador del Chaco del ex intendente de Coronel Du Graty y actual diputado nacional  Juan Carlos Polini. El jefe comunal remarc\u00f3 la necesidad de generar un cambio que permita recuperar el crecimiento y desarrollo provincial como herramienta de lucha contra la pobreza y las desigualdades.<br \/>\nEn el marco del proceso electoral que se llevar\u00e1 adelante este a\u00f1o, el intendente de Misi\u00f3n Nueva Pompeya Vicente Gonz\u00e1lez respald\u00f3 la candidatura de Juan Carlos Polini a la gobernaci\u00f3n del Chaco \u201cEst\u00e1 preparado para el cambio que necesita la provincia, es una persona que proviene del sector privado, profesional, empresario, hace poco tiempo decidi\u00f3 participar en pol\u00edtica porque quer\u00eda transformar la realidad de su localidad y lo hizo con mucho \u00e9xito,  hoy pretende trasladar esa experiencia exitosa a la provincia liderando un equipo de gobierno decidido a implementar pol\u00edticas p\u00fablicas que permitan recuperar la senda del crecimiento y desarrollo,  acompa\u00f1ando a quien se esfuerza, se capacita, trabaja y produce, al sector privado, del comercio, la industria y de emprendedores porque son el motor de la econom\u00eda, un Chaco en el que todos tengan las mismas oportunidades de recibir educaci\u00f3n y salud de calidad, seguridad, libertad de circular, Juan Carlos Polini tiene la voluntad y ha demostrado tener la capacidad para lograr ese objetivo\u201d<\/p>\n","protected":false},"excerpt":{"rendered":"<p>El intendente de Misi\u00f3n Nueva Pompeya, Vicente Gonz\u00e1lez, expres\u00f3 su acompa\u00f1amiento a la candidatura a gobernador del Chaco del ex intendente de Coronel Du Graty y actual diputado nacional Juan Carlos Polini. El jefe comunal remarc\u00f3 la necesidad de generar un cambio que permita recuperar el crecimiento y desarrollo provincial como herramienta de lucha contra [&hellip;]<\/p>\n","protected":false},"author":1,"featured_media":19048,"comment_status":"closed","ping_status":"closed","sticky":false,"template":"","format":"standard","meta":{"footnotes":""},"categories":[6],"tags":[],"class_list":{"0":"post-19047","1":"post","2":"type-post","3":"status-publish","4":"format-standard","5":"has-post-thumbnail","7":"category-chaco"},"_links":{"self":[{"href":"https:\/\/chacosintesis.com.ar\/index.php\/wp-json\/wp\/v2\/posts\/19047","targetHints":{"allow":["GET"]}}],"collection":[{"href":"https:\/\/chacosintesis.com.ar\/index.php\/wp-json\/wp\/v2\/posts"}],"about":[{"href":"https:\/\/chacosintesis.com.ar\/index.php\/wp-json\/wp\/v2\/types\/post"}],"author":[{"embeddable":true,"href":"https:\/\/chacosintesis.com.ar\/index.php\/wp-json\/wp\/v2\/users\/1"}],"replies":[{"embeddable":true,"href":"https:\/\/chacosintesis.com.ar\/index.php\/wp-json\/wp\/v2\/comments?post=19047"}],"version-history":[{"count":0,"href":"https:\/\/chacosintesis.com.ar\/index.php\/wp-json\/wp\/v2\/posts\/19047\/revisions"}],"wp:featuredmedia":[{"embeddable":true,"href":"https:\/\/chacosintesis.com.ar\/index.php\/wp-json\/wp\/v2\/media\/19048"}],"wp:attachment":[{"href":"https:\/\/chacosintesis.com.ar\/index.php\/wp-json\/wp\/v2\/media?parent=19047"}],"wp:term":[{"taxonomy":"category","embeddable":true,"href":"https:\/\/chacosintesis.com.ar\/index.php\/wp-json\/wp\/v2\/categories?post=19047"},{"taxonomy":"post_tag","embeddable":true,"href":"https:\/\/chacosintesis.com.ar\/index.php\/wp-json\/wp\/v2\/tags?post=19047"}],"curies":[{"name":"wp","href":"https:\/\/api.w.org\/{rel}","templated":true}]}}