{"id":19045,"date":"2023-02-15T09:41:29","date_gmt":"2023-02-15T12:41:29","guid":{"rendered":"https:\/\/chacosintesis.com.ar\/?p=19045"},"modified":"2023-02-15T10:06:56","modified_gmt":"2023-02-15T13:06:56","slug":"el-viernes-17-comienza-el-cronograma-de-pagos-a-la-administracion-publica-provincial","status":"publish","type":"post","link":"https:\/\/chacosintesis.com.ar\/index.php\/el-viernes-17-comienza-el-cronograma-de-pagos-a-la-administracion-publica-provincial\/","title":{"rendered":"El viernes 17 comienza el cronograma de pagos a la administraci\u00f3n p\u00fablica provincial"},"content":{"rendered":"<p>El sector pasivo cobrar\u00e1 sus haberes el viernes 24 de febrero, mientras que los trabajadores y trabajadoras activas percibir\u00e1n sus sueldos el lunes 27 de febrero.<br \/>\nEl ministro de Planificaci\u00f3n, Econom\u00eda e Infraestructura, Santiago P\u00e9rez Pons, inform\u00f3 el cronograma de pagos a la administraci\u00f3n p\u00fablica provincial. En una entrevista radial, el funcionario detall\u00f3 que el viernes 17 de febrero se acreditar\u00e1 el refrigerio, mientras que los haberes se acreditar\u00e1n el viernes 24 al sector pasivo y el lunes 27 a trabajadores activos de la administraci\u00f3n p\u00fablica provincial.<br \/>\nEn todos los casos, podr\u00e1n acceder ese mismo d\u00eda a sus haberes a trav\u00e9s de la red de cajeros autom\u00e1ticos del Nuevo Banco del Chaco o de cualquier de los canales digitales de la entidad. Como ya es pol\u00edtica de Estado, los salarios de la administraci\u00f3n p\u00fablica provincial se pagan antes de que finalice el mes, tal como lo viene realizando el gobierno provincial desde 2021. \u201cLogramos darles certidumbre y previsibilidad mes a mes\u201d, se\u00f1al\u00f3 el ministro de Planificaci\u00f3n, Econom\u00eda e Infraestructura Santiago P\u00e9rez Pons.<br \/>\nDurante 2022, la pol\u00edtica salarial impulsada por la gesti\u00f3n de Jorge Capitanich permiti\u00f3 que los salarios le ganen a la inflaci\u00f3n, tal como se hab\u00eda comprometido durante las discusiones paritarias.<br \/>\nAl ordenamiento del cronograma de pagos de sueldos, se debe agregar una activa pol\u00edtica de Estado para mejorar el poder adquisitivo de las y los chaque\u00f1os. As\u00ed, el gobernador Capitanich junto con el ministro P\u00e9rez Pons, la vicegobernadora Anal\u00eda Rach Quiroga y el ministro de Producci\u00f3n e Industria, Sebasti\u00e1n Lifton, acaban de presentar los programas \u201cAhorr\u00e1 Chaco\u201d, \u201cPrecios Acordados Chaco\u201d y \u201cVuelta a clases con Tuya\u201d del NBCH.<\/p>\n","protected":false},"excerpt":{"rendered":"<p>El sector pasivo cobrar\u00e1 sus haberes el viernes 24 de febrero, mientras que los trabajadores y trabajadoras activas percibir\u00e1n sus sueldos el lunes 27 de febrero. El ministro de Planificaci\u00f3n, Econom\u00eda e Infraestructura, Santiago P\u00e9rez Pons, inform\u00f3 el cronograma de pagos a la administraci\u00f3n p\u00fablica provincial. En una entrevista radial, el funcionario detall\u00f3 que el [&hellip;]<\/p>\n","protected":false},"author":1,"featured_media":19046,"comment_status":"closed","ping_status":"closed","sticky":false,"template":"","format":"standard","meta":{"footnotes":""},"categories":[6],"tags":[],"class_list":{"0":"post-19045","1":"post","2":"type-post","3":"status-publish","4":"format-standard","5":"has-post-thumbnail","7":"category-chaco"},"_links":{"self":[{"href":"https:\/\/chacosintesis.com.ar\/index.php\/wp-json\/wp\/v2\/posts\/19045","targetHints":{"allow":["GET"]}}],"collection":[{"href":"https:\/\/chacosintesis.com.ar\/index.php\/wp-json\/wp\/v2\/posts"}],"about":[{"href":"https:\/\/chacosintesis.com.ar\/index.php\/wp-json\/wp\/v2\/types\/post"}],"author":[{"embeddable":true,"href":"https:\/\/chacosintesis.com.ar\/index.php\/wp-json\/wp\/v2\/users\/1"}],"replies":[{"embeddable":true,"href":"https:\/\/chacosintesis.com.ar\/index.php\/wp-json\/wp\/v2\/comments?post=19045"}],"version-history":[{"count":0,"href":"https:\/\/chacosintesis.com.ar\/index.php\/wp-json\/wp\/v2\/posts\/19045\/revisions"}],"wp:featuredmedia":[{"embeddable":true,"href":"https:\/\/chacosintesis.com.ar\/index.php\/wp-json\/wp\/v2\/media\/19046"}],"wp:attachment":[{"href":"https:\/\/chacosintesis.com.ar\/index.php\/wp-json\/wp\/v2\/media?parent=19045"}],"wp:term":[{"taxonomy":"category","embeddable":true,"href":"https:\/\/chacosintesis.com.ar\/index.php\/wp-json\/wp\/v2\/categories?post=19045"},{"taxonomy":"post_tag","embeddable":true,"href":"https:\/\/chacosintesis.com.ar\/index.php\/wp-json\/wp\/v2\/tags?post=19045"}],"curies":[{"name":"wp","href":"https:\/\/api.w.org\/{rel}","templated":true}]}}