{"id":19026,"date":"2023-02-14T12:10:51","date_gmt":"2023-02-14T15:10:51","guid":{"rendered":"https:\/\/chacosintesis.com.ar\/?p=19026"},"modified":"2023-02-14T12:39:01","modified_gmt":"2023-02-14T15:39:01","slug":"polini-en-san-martin-es-necesario-fomentar-la-agenda-cultural-del-chaco","status":"publish","type":"post","link":"https:\/\/chacosintesis.com.ar\/index.php\/polini-en-san-martin-es-necesario-fomentar-la-agenda-cultural-del-chaco\/","title":{"rendered":"Polini en San Mart\u00edn: Es necesario fomentar la agenda cultural del Chaco"},"content":{"rendered":"<p>El precandidato a gobernador, Juan Carlos Polini, visit\u00f3 los carnavales de General San Mart\u00edn el viernes, en la \u00faltima noche puntuable, y felicit\u00f3 a los organizadores.<\/p>\n<p>\u201cEstoy convencido de que es necesario fomentar la agenda cultural del Chaco. Los carnavales de San Mart\u00edn son uno de los tantos en la provincia que movilizan y potencian el turismo interno generando movimiento econ\u00f3mico que significa crecimiento para los pueblos. Necesitamos que el Estado est\u00e9 a la altura de las circunstancias y potencie el esfuerzo para acompa\u00f1ar a las asociaciones de comparsa que trabajan todo el a\u00f1o para lucirse en estos eventos\u201d; asegur\u00f3.<\/p>\n<p> \u201cIndependientemente de esto \u2013pero no menos importante- se trata de un hecho que unifica a la sociedad, que los invita a trabajar de manera grupal y coordinada. Vivimos en una \u00e9poca en la que la gente necesita identificarse y sentirse parte de un todo. La ilusi\u00f3n del equipo, la sana competencia, el sentimiento de pertenencia e identidad son valores fundamentales para la convivencia y el desarrollo, ricos para quienes disfrutan de este suceso que implica mucho esfuerzo y sacrificio\u201d, asegur\u00f3 a la par que afirm\u00f3 que \u201cel sentimiento popular que despierta esta fiesta merece una especial mirada en pos de acompa\u00f1ar y hacer crecer su alcance\u201d.<\/p>\n<p>En la ocasi\u00f3n, el actual diputado nacional junto con su par Aldo Leiva, el senador V\u00edctor Zimmermann y la diputada Zulma Galeano, hicieron entrega al intendente, Mauro Leiva, de una copia de la declaraci\u00f3n de inter\u00e9s de los carnavales chaque\u00f1os por parte de la C\u00e1mara de Diputados de la Naci\u00f3n, obra de su autor\u00eda. \u201cQuiero llevar a conocimiento de todo el pa\u00eds que en Chaco existen este y otros espect\u00e1culos culturales durante todo el a\u00f1o. En su mayor\u00eda, estos acontecimientos son econ\u00f3micamente accesibles para el disfrute de la familia. Me parece fundamental seguir invitando y haciendo conocer nuestras fiestas que hacen a la identidad de nuestro suelo\u201d; insisti\u00f3.<\/p>\n","protected":false},"excerpt":{"rendered":"<p>El precandidato a gobernador, Juan Carlos Polini, visit\u00f3 los carnavales de General San Mart\u00edn el viernes, en la \u00faltima noche puntuable, y felicit\u00f3 a los organizadores. \u201cEstoy convencido de que es necesario fomentar la agenda cultural del Chaco. Los carnavales de San Mart\u00edn son uno de los tantos en la provincia que movilizan y potencian [&hellip;]<\/p>\n","protected":false},"author":1,"featured_media":19027,"comment_status":"closed","ping_status":"closed","sticky":false,"template":"","format":"standard","meta":{"footnotes":""},"categories":[6],"tags":[],"class_list":{"0":"post-19026","1":"post","2":"type-post","3":"status-publish","4":"format-standard","5":"has-post-thumbnail","7":"category-chaco"},"_links":{"self":[{"href":"https:\/\/chacosintesis.com.ar\/index.php\/wp-json\/wp\/v2\/posts\/19026","targetHints":{"allow":["GET"]}}],"collection":[{"href":"https:\/\/chacosintesis.com.ar\/index.php\/wp-json\/wp\/v2\/posts"}],"about":[{"href":"https:\/\/chacosintesis.com.ar\/index.php\/wp-json\/wp\/v2\/types\/post"}],"author":[{"embeddable":true,"href":"https:\/\/chacosintesis.com.ar\/index.php\/wp-json\/wp\/v2\/users\/1"}],"replies":[{"embeddable":true,"href":"https:\/\/chacosintesis.com.ar\/index.php\/wp-json\/wp\/v2\/comments?post=19026"}],"version-history":[{"count":0,"href":"https:\/\/chacosintesis.com.ar\/index.php\/wp-json\/wp\/v2\/posts\/19026\/revisions"}],"wp:featuredmedia":[{"embeddable":true,"href":"https:\/\/chacosintesis.com.ar\/index.php\/wp-json\/wp\/v2\/media\/19027"}],"wp:attachment":[{"href":"https:\/\/chacosintesis.com.ar\/index.php\/wp-json\/wp\/v2\/media?parent=19026"}],"wp:term":[{"taxonomy":"category","embeddable":true,"href":"https:\/\/chacosintesis.com.ar\/index.php\/wp-json\/wp\/v2\/categories?post=19026"},{"taxonomy":"post_tag","embeddable":true,"href":"https:\/\/chacosintesis.com.ar\/index.php\/wp-json\/wp\/v2\/tags?post=19026"}],"curies":[{"name":"wp","href":"https:\/\/api.w.org\/{rel}","templated":true}]}}