{"id":19024,"date":"2023-02-14T10:11:32","date_gmt":"2023-02-14T13:11:32","guid":{"rendered":"https:\/\/chacosintesis.com.ar\/?p=19024"},"modified":"2023-02-14T10:36:47","modified_gmt":"2023-02-14T13:36:47","slug":"el-deterioro-de-la-ruta-nacional-16-es-cada-vez-mas-preocupante","status":"publish","type":"post","link":"https:\/\/chacosintesis.com.ar\/index.php\/el-deterioro-de-la-ruta-nacional-16-es-cada-vez-mas-preocupante\/","title":{"rendered":"El deterioro de la Ruta Nacional 16 es cada vez m\u00e1s preocupante"},"content":{"rendered":"<p>Quienes transitan esta ruta se\u00f1alan que el tramo m\u00e1s complicado es entre Napenay y S\u00e1enz Pe\u00f1a. Malestar de transportistas y automovilistas.<\/p>\n<p>El denominado corredor bioce\u00e1nico, la Ruta Nacional 16, presenta fuertes deterioros que implican inseguridad vial por el peligro de ocasionar accidentes como es el tramo entre S\u00e1enz Pe\u00f1a y Napenay.<br \/>\nLas tremendas deformaciones de la calzada, banquina y baches que se fueron creando, por la falta de mantenimiento, es el motivo de la reacci\u00f3n de transportistas y conductores en general que a diario sufren alg\u00fan tipo de accidente generado por el mal estado de la ruta.<br \/>\n&#8220;CUCHILLAS&#8221; ROMPE RUEDAS<br \/>\nQuienes transitan esta ruta se\u00f1alan que el tramo m\u00e1s complicado es entre Napenay y S\u00e1enz Pe\u00f1a. Aseguran que no hay carteles que adviertan de la presencia de las deformaciones y baches. Los transportistas advierten que los conductores deben circular a baja velocidad.<br \/>\n\u2018Y lo pedimos nosotros porque no hay un solo cartel indicador que la ruta est\u00e1 en malas condiciones\u2018, se\u00f1al\u00f3 Santiago P\u00e9rez, distribuidor de golosinas. \u2018Mi camioneta rasp\u00f3 algo y hab\u00eda sido una cuchilla filosa que se levant\u00f3 justo en el medio de la calzada\u2018, cont\u00f3 Dar\u00edo Swezik, hijo de un productor de la zona de Gancedo, que \u2018por esquivar a una moto me abr\u00ed un poquito y en plena l\u00ednea del medio me com\u00ed ese borde largo y alto\u2018.<br \/>\nPARCHES TEMPORARIOS<br \/>\nQuienes transitan por el tramo entre Pampa del Infierno y S\u00e1enz Pe\u00f1a, vienen remarcando a trav\u00e9s de diferentes redes sociales que se complica el tr\u00e1nsito en algunas zonas, como entre Napenay y S\u00e1enz Pe\u00f1a.<br \/>\n\u2018Hay bordes, ondulaciones tremendas, hay autos que han roto cubiertas y otros que doblaron llantas, y a quien se le reclama esto?\u2018, pregunt\u00f3 Liliana Alonso, una docente que rompi\u00f3 la cubierta delantera de su autom\u00f3vil cerca de La Mascota. Hay casos que estuvieron a punto de ocasionar accidentes por esquivar estas deformaciones y se encontraron con otros veh\u00edculos de frente, y otros que las piedras o trozos de brea dieron de lleno en el parabrisas.<br \/>\n\u2018Nos revent\u00f3 un piedrazo en el parabrisas, y seguro ahora se va a empezar a marcar\u2018, se\u00f1al\u00f3 Dami\u00e1n Olivares, un comerciante de Concepci\u00f3n del Bermejo. En tanto, otro conductor dijo que \u2018pusieron cemento con piedra negra y de tanto pasar los camiones, las piedras salpican, y as\u00ed lo que salpica al que viene de atr\u00e1s le da de lleno\u2018.<\/p>\n<p>PIDEN QUE SE TOMEN MEDIDAS<br \/>\nRepresentantes de entidades comerciales y productivas del interior, se mostraron preocupados por el mal estado de la ruta y por la falta de mantenimiento.<br \/>\n\u2018Que se enteren los de Vialidad Nacional, ac\u00e1 est\u00e1 en juego no solo el da\u00f1o econ\u00f3mico que puede ocasionar en los veh\u00edculos sino en la seguridad de las personas\u2018, se\u00f1alaron comerciantes de Pampa del Infierno.<br \/>\n\u2018Le pedimos a las autoridades de Vialidad Nacional que tomen cartas en el asunto porque los que transitamos a diario, corremos peligro y no hay se\u00f1alizaci\u00f3n ni nada, solo te encontras con los bordes en el medio de la calzada, y as\u00ed puede pasar cualquier cosa\u2018, indicaron.<\/p>\n<p>DIARIO NORTE.-<\/p>\n","protected":false},"excerpt":{"rendered":"<p>Quienes transitan esta ruta se\u00f1alan que el tramo m\u00e1s complicado es entre Napenay y S\u00e1enz Pe\u00f1a. Malestar de transportistas y automovilistas. El denominado corredor bioce\u00e1nico, la Ruta Nacional 16, presenta fuertes deterioros que implican inseguridad vial por el peligro de ocasionar accidentes como es el tramo entre S\u00e1enz Pe\u00f1a y Napenay. Las tremendas deformaciones de [&hellip;]<\/p>\n","protected":false},"author":1,"featured_media":19025,"comment_status":"closed","ping_status":"closed","sticky":false,"template":"","format":"standard","meta":{"footnotes":""},"categories":[6],"tags":[197],"class_list":{"0":"post-19024","1":"post","2":"type-post","3":"status-publish","4":"format-standard","5":"has-post-thumbnail","7":"category-chaco","8":"tag-destacada"},"_links":{"self":[{"href":"https:\/\/chacosintesis.com.ar\/index.php\/wp-json\/wp\/v2\/posts\/19024","targetHints":{"allow":["GET"]}}],"collection":[{"href":"https:\/\/chacosintesis.com.ar\/index.php\/wp-json\/wp\/v2\/posts"}],"about":[{"href":"https:\/\/chacosintesis.com.ar\/index.php\/wp-json\/wp\/v2\/types\/post"}],"author":[{"embeddable":true,"href":"https:\/\/chacosintesis.com.ar\/index.php\/wp-json\/wp\/v2\/users\/1"}],"replies":[{"embeddable":true,"href":"https:\/\/chacosintesis.com.ar\/index.php\/wp-json\/wp\/v2\/comments?post=19024"}],"version-history":[{"count":0,"href":"https:\/\/chacosintesis.com.ar\/index.php\/wp-json\/wp\/v2\/posts\/19024\/revisions"}],"wp:featuredmedia":[{"embeddable":true,"href":"https:\/\/chacosintesis.com.ar\/index.php\/wp-json\/wp\/v2\/media\/19025"}],"wp:attachment":[{"href":"https:\/\/chacosintesis.com.ar\/index.php\/wp-json\/wp\/v2\/media?parent=19024"}],"wp:term":[{"taxonomy":"category","embeddable":true,"href":"https:\/\/chacosintesis.com.ar\/index.php\/wp-json\/wp\/v2\/categories?post=19024"},{"taxonomy":"post_tag","embeddable":true,"href":"https:\/\/chacosintesis.com.ar\/index.php\/wp-json\/wp\/v2\/tags?post=19024"}],"curies":[{"name":"wp","href":"https:\/\/api.w.org\/{rel}","templated":true}]}}