{"id":19017,"date":"2023-02-14T09:19:47","date_gmt":"2023-02-14T12:19:47","guid":{"rendered":"https:\/\/chacosintesis.com.ar\/?p=19017"},"modified":"2023-02-14T09:37:28","modified_gmt":"2023-02-14T12:37:28","slug":"un-hombre-perdio-la-vida-en-las-piedritas","status":"publish","type":"post","link":"https:\/\/chacosintesis.com.ar\/index.php\/un-hombre-perdio-la-vida-en-las-piedritas\/","title":{"rendered":"Un hombre perdi\u00f3 la vida en Las Piedritas"},"content":{"rendered":"<p>Walter Ar\u00e9valo, oriundo de General Pinedo se ahog\u00f3 en el sector conocido como &#8220;aguas de las canteras&#8221;, en el Paraje Las Piedritas.<br \/>\nLa polic\u00eda fue alertada a las 18.10, del s\u00e1bado, sobre la desaparici\u00f3n de una persona en aguas de la cantera, como se conoce este sector. Al llegar, se entrevist\u00f3 con las dem\u00e1s personas que estaban en el lugar, quienes confirmaron que se arroj\u00f3 al agua a refrescarse. &#8220;M\u00e1s tarde, el cuerpo sin vida apreci\u00f3 flotando. Se realizaron las actuaciones, con la fiscal\u00eda y peritos del Poder Judicial,  y se confirm\u00f3 que la muerte fue por ahogamiento por inmersi\u00f3n.<br \/>\n&#8220;Aparentemente, iba a refrescarse, pero se est\u00e1 investigando ya que se cree que esta persona no sab\u00eda nadar. Por lo cual se esperan novedades de la comisar\u00eda de Las Bre\u00f1as&#8221;, explic\u00f3 el comisario Gustavo Sosa, jefe de la Divisi\u00f3n 911.<br \/>\nIncendio en una panader\u00eda<br \/>\nEl s\u00e1bado, pasada la 1 de la madrugada, bomberos y polic\u00eda fueron alertados por un incendio en una panader\u00eda ubicada en Avenida Belgrano entre Jun\u00edn y Juan Jos\u00e9 Paso, de Charata, a pocas cuadras del centro de la ciudad.<br \/>\nLa tradicional Panader\u00eda Porta, sufri\u00f3 importantes da\u00f1os materiales. En el incendio trabajaron bomberos de la Polic\u00eda y Bomberos Voluntarios de la ciudad, ambos ubicados muy cerca del lugar.<br \/>\nEl fuego se habr\u00eda iniciado, seg\u00fan el informe policial, en el lugar de almacenamiento de le\u00f1a utilizada para los hornos de la misma. Un empleado que intent\u00f3 apagar el fuego, result\u00f3 intoxicado, pero estaba fuera de peligro.<br \/>\nDiarioNorte.-<\/p>\n","protected":false},"excerpt":{"rendered":"<p>Walter Ar\u00e9valo, oriundo de General Pinedo se ahog\u00f3 en el sector conocido como &#8220;aguas de las canteras&#8221;, en el Paraje Las Piedritas. La polic\u00eda fue alertada a las 18.10, del s\u00e1bado, sobre la desaparici\u00f3n de una persona en aguas de la cantera, como se conoce este sector. Al llegar, se entrevist\u00f3 con las dem\u00e1s personas [&hellip;]<\/p>\n","protected":false},"author":1,"featured_media":19018,"comment_status":"closed","ping_status":"closed","sticky":false,"template":"","format":"standard","meta":{"footnotes":""},"categories":[6],"tags":[],"class_list":{"0":"post-19017","1":"post","2":"type-post","3":"status-publish","4":"format-standard","5":"has-post-thumbnail","7":"category-chaco"},"_links":{"self":[{"href":"https:\/\/chacosintesis.com.ar\/index.php\/wp-json\/wp\/v2\/posts\/19017","targetHints":{"allow":["GET"]}}],"collection":[{"href":"https:\/\/chacosintesis.com.ar\/index.php\/wp-json\/wp\/v2\/posts"}],"about":[{"href":"https:\/\/chacosintesis.com.ar\/index.php\/wp-json\/wp\/v2\/types\/post"}],"author":[{"embeddable":true,"href":"https:\/\/chacosintesis.com.ar\/index.php\/wp-json\/wp\/v2\/users\/1"}],"replies":[{"embeddable":true,"href":"https:\/\/chacosintesis.com.ar\/index.php\/wp-json\/wp\/v2\/comments?post=19017"}],"version-history":[{"count":0,"href":"https:\/\/chacosintesis.com.ar\/index.php\/wp-json\/wp\/v2\/posts\/19017\/revisions"}],"wp:featuredmedia":[{"embeddable":true,"href":"https:\/\/chacosintesis.com.ar\/index.php\/wp-json\/wp\/v2\/media\/19018"}],"wp:attachment":[{"href":"https:\/\/chacosintesis.com.ar\/index.php\/wp-json\/wp\/v2\/media?parent=19017"}],"wp:term":[{"taxonomy":"category","embeddable":true,"href":"https:\/\/chacosintesis.com.ar\/index.php\/wp-json\/wp\/v2\/categories?post=19017"},{"taxonomy":"post_tag","embeddable":true,"href":"https:\/\/chacosintesis.com.ar\/index.php\/wp-json\/wp\/v2\/tags?post=19017"}],"curies":[{"name":"wp","href":"https:\/\/api.w.org\/{rel}","templated":true}]}}