{"id":18985,"date":"2023-02-11T12:12:53","date_gmt":"2023-02-11T15:12:53","guid":{"rendered":"https:\/\/chacosintesis.com.ar\/?p=18985"},"modified":"2023-02-11T12:37:08","modified_gmt":"2023-02-11T15:37:08","slug":"un-boxeador-chaqueno-permanece-en-coma-tras-pelea-en-santa-fe","status":"publish","type":"post","link":"https:\/\/chacosintesis.com.ar\/index.php\/un-boxeador-chaqueno-permanece-en-coma-tras-pelea-en-santa-fe\/","title":{"rendered":"Un boxeador chaque\u00f1o permanece en coma, tras pelea en Santa Fe"},"content":{"rendered":"<p>Pablo Puebla sufri\u00f3 una descompensaci\u00f3n y debi\u00f3 ser intervenido por un hematoma subdural en la cabeza. Su estado es grave y permanece internado en el hospital &#8220;Eva Per\u00f3n&#8221; de Granadero Baigorria.<\/p>\n<p>Cuando parec\u00eda ser una pelea m\u00e1s y luego de conocerse el fallo de los jurados, el chaque\u00f1o de Concepci\u00f3n del Bermejo, Pablo Puebla, sufri\u00f3 una descompensaci\u00f3n y debi\u00f3 ser intervenido por un hematoma subdural en la cabeza. Desde entonces permanece internado, en coma farmacol\u00f3gico, en un hospital de Santa Fe.<br \/>\nLa preocupaci\u00f3n se mantiene en el entorno del boxeador, aunque tambi\u00e9n cierta cautela porque dentro del cuadro de gravedad se encuentra estable, confiando en que pueda recuperarse. Pablo David Puebla se present\u00f3 el s\u00e1bado en el festival pugil\u00edstico realizado en la Asociaci\u00f3n Vecinal D\u00edaz V\u00e9lez de la localidad santafesina de San Lorenzo.<\/p>\n<p> La velada tuvo la organizaci\u00f3n de la empresa OR Promotions de Osvaldo Rivero, y fue televisada por TyC Sports.<\/p>\n<p> El chaque\u00f1o Puebla (60,800) enfrent\u00f3 a Blas Caro (60,400) en categor\u00eda \u2018ligero\u2018, con triunfo para el rosarino en fallo un\u00e1nime de las tarjetas, al cabo de los seis rounds. Su hermano Cristian admiti\u00f3 que \u2018hasta el tercer round Pablo ven\u00eda bien, pero desde el cuarto ya no fue el mismo\u2018.<\/p>\n<p>El p\u00fagil de nuestra provincia, de 33 a\u00f1os, es sobrino del recordado Alcides \u2018Guerrero\u2018 Puebla, inici\u00f3 su carrera profesional en 2012 y desde entonces realiz\u00f3 siete combates de manera espor\u00e1dica.<\/p>\n<p> Se hab\u00eda preparado para enfrentar al zurdo Ignacio Iribarren, aunque una lesi\u00f3n intercostal oblig\u00f3 a cambiar de rival y en la semana previa al festival fue confirmado Caro. Al cabo del combate, empez\u00f3 a sentir fuertes dolores de cabeza, mareos y nauseas, por lo que fue trasladado al nosocomio local y luego al hospital \u2018Eva Per\u00f3n\u2018 de Granadero Baigorria para realizarle estudios complementarios. All\u00ed se detect\u00f3 un hematoma subdural que le provocaba una fuerte inflamaci\u00f3n en la cabeza, debiendo ser intervenido quir\u00fargicamente de urgencia para descomprimir el cerebro. Desde entonces permanece sedado, en coma farmacol\u00f3gico, y su situaci\u00f3n es extremadamente grave seg\u00fan expusieron los m\u00e9dicos a sus familiares.<\/p>\n<p>DIARIO NORTE.-<\/p>\n","protected":false},"excerpt":{"rendered":"<p>Pablo Puebla sufri\u00f3 una descompensaci\u00f3n y debi\u00f3 ser intervenido por un hematoma subdural en la cabeza. Su estado es grave y permanece internado en el hospital &#8220;Eva Per\u00f3n&#8221; de Granadero Baigorria. Cuando parec\u00eda ser una pelea m\u00e1s y luego de conocerse el fallo de los jurados, el chaque\u00f1o de Concepci\u00f3n del Bermejo, Pablo Puebla, sufri\u00f3 [&hellip;]<\/p>\n","protected":false},"author":1,"featured_media":18986,"comment_status":"closed","ping_status":"closed","sticky":false,"template":"","format":"standard","meta":{"footnotes":""},"categories":[6],"tags":[],"class_list":{"0":"post-18985","1":"post","2":"type-post","3":"status-publish","4":"format-standard","5":"has-post-thumbnail","7":"category-chaco"},"_links":{"self":[{"href":"https:\/\/chacosintesis.com.ar\/index.php\/wp-json\/wp\/v2\/posts\/18985","targetHints":{"allow":["GET"]}}],"collection":[{"href":"https:\/\/chacosintesis.com.ar\/index.php\/wp-json\/wp\/v2\/posts"}],"about":[{"href":"https:\/\/chacosintesis.com.ar\/index.php\/wp-json\/wp\/v2\/types\/post"}],"author":[{"embeddable":true,"href":"https:\/\/chacosintesis.com.ar\/index.php\/wp-json\/wp\/v2\/users\/1"}],"replies":[{"embeddable":true,"href":"https:\/\/chacosintesis.com.ar\/index.php\/wp-json\/wp\/v2\/comments?post=18985"}],"version-history":[{"count":0,"href":"https:\/\/chacosintesis.com.ar\/index.php\/wp-json\/wp\/v2\/posts\/18985\/revisions"}],"wp:featuredmedia":[{"embeddable":true,"href":"https:\/\/chacosintesis.com.ar\/index.php\/wp-json\/wp\/v2\/media\/18986"}],"wp:attachment":[{"href":"https:\/\/chacosintesis.com.ar\/index.php\/wp-json\/wp\/v2\/media?parent=18985"}],"wp:term":[{"taxonomy":"category","embeddable":true,"href":"https:\/\/chacosintesis.com.ar\/index.php\/wp-json\/wp\/v2\/categories?post=18985"},{"taxonomy":"post_tag","embeddable":true,"href":"https:\/\/chacosintesis.com.ar\/index.php\/wp-json\/wp\/v2\/tags?post=18985"}],"curies":[{"name":"wp","href":"https:\/\/api.w.org\/{rel}","templated":true}]}}