{"id":18970,"date":"2023-02-09T08:33:58","date_gmt":"2023-02-09T11:33:58","guid":{"rendered":"https:\/\/chacosintesis.com.ar\/?p=18970"},"modified":"2023-02-09T08:36:30","modified_gmt":"2023-02-09T11:36:30","slug":"mas-de-80-000-hectareas-de-cultivos-y-40-000-cabezas-de-ganado-perdidas-por-la-sequia","status":"publish","type":"post","link":"https:\/\/chacosintesis.com.ar\/index.php\/mas-de-80-000-hectareas-de-cultivos-y-40-000-cabezas-de-ganado-perdidas-por-la-sequia\/","title":{"rendered":"M\u00e1s de 80.000 hect\u00e1reas de cultivos y 40.000 cabezas de ganado perdidas por la sequ\u00eda"},"content":{"rendered":"<p>La subcomisi\u00f3n de emergencia agropecuaria del departamento Comandante Fern\u00e1ndez inici\u00f3 el per\u00edodo de reuniones para analizar las declaraciones juradas de los da\u00f1os provocados por la sequ\u00eda en la producci\u00f3n de las 80 mil hect\u00e1reas agr\u00edcolas del \u00e1rea y las p\u00e9rdidas entre las cuarenta y un mil cabezas de ganado registradas en la \u00faltima vacunaci\u00f3n.<br \/>\nLa emergencia para la producci\u00f3n primaria est\u00e1 vigente desde finales de enero en el Chaco e implica la convocatoria, por parte de cada municipio, de las subcomisiones que tendr\u00e1n la responsabilidad de analizar las declaraciones juradas presentadas por los productores damnificados.<br \/>\nEn Presidencia Roque S\u00e1enz Pe\u00f1a la primera reuni\u00f3n se concret\u00f3 el martes, acord\u00e1ndose el llamado urgente a los chacareros \u2018para que se presenten ante la delegaci\u00f3n del Ministerio de la Producci\u00f3n a completar el formulario en el que declaran las p\u00e9rdidas provocadas por la sequ\u00eda\u2018.<br \/>\n\u2018El tiempo para presentar el pedido vence el 3 de marzo y no habr\u00e1 pr\u00f3rroga, por eso solicitamos que se acerquen a la delegaci\u00f3n cuanto antes porque si se deja todo para \u00faltimo momento luego se genera un atasco en el traspaso de la informaci\u00f3n\u2018, indicaron los integrantes de la subcomisi\u00f3n de emergencia agropecuaria del departamento Comandante Fern\u00e1ndez que est\u00e1 compuesta por referentes del municipio local, el Ministerio de la Producci\u00f3n y de las entidades agropecuarias.<br \/>\nEl primer encuentro fue meramente formal, \u2018analiz\u00e1ndose los requisitos para las declaraciones juradas, en el marco del decreto 76\/2023 que declara la emergencia agropecuaria para todo el territorio provincial\u2018. Las reuniones de an\u00e1lisis de las carpetas presentadas por los productores ser\u00e1n \u2018todos los jueves, a partir de la pr\u00f3xima semana, en la sede de Casa del Campo\u2018.<br \/>\nNEGATIVO HISTORIAL<br \/>\nEl departamento Comandante Fern\u00e1ndez, \u2018al igual que casi la extensi\u00f3n total del territorio provincial, tiene un historial complicado previo a la campa\u00f1a vigente\u2018. Los integrantes de la subcomisi\u00f3n detallaron que \u2018los perfiles del suelo no acumularon los milimetrajes que el productor espera tener disponible cuando realiza el barbecho\u2018.<br \/>\n\u2018Las campa\u00f1as generalmente las iniciamos con entre trescientos y quinientos mil\u00edmetros acumulados en los perfiles, pero en este a\u00f1o agr\u00edcola en algunas chacras se comenz\u00f3 con entre cien y ciento cincuenta mil\u00edmetros y podemos decir que casi ning\u00fan lote acumul\u00f3 siquiera doscientos mil\u00edmetros\u2018, resumi\u00f3 el ingeniero Ignacio Vilchez, desde la delegaci\u00f3n local del Ministerio de Producci\u00f3n.<br \/>\nLa conclusi\u00f3n es que \u2018se inici\u00f3 el ciclo de siembras con un d\u00e9ficit h\u00eddrico a lo que se adicion\u00f3 la problem\u00e1tica de las elevadas temperaturas\u2018. En los registros t\u00e9rmicos, \u2018se anotaron mediciones que superaron los cuarenta grados en el ambiente, pero que en el suelo fueron de entre sesenta y cinco, setenta y hasta ochenta grados lo que provoc\u00f3 da\u00f1os en pl\u00e1ntulas reci\u00e9n emergidas\u2018.<br \/>\nEn el distrito que tiene como cabecera a la segunda ciudad del Chaco, la producci\u00f3n agr\u00edcola \u2018ronda las ochenta mil hect\u00e1reas\u2018. La superficie, \u2018si el productor tiene la posibilidad, se reparte entre los distintos cultivos que se hacen en la zona: soja, ma\u00edz, sorgo, algod\u00f3n, girasol y, cuando las condiciones lo permiten, trigo\u2018.<br \/>\nEn el promediar de la campa\u00f1a \u2018son muchos los lotes afectados por la escasez de humedad en los perfiles, pero a\u00fan el a\u00f1o agr\u00edcola no termina y no se tiene certeza del porcentaje con da\u00f1os o p\u00e9rdidas con el que se concluir\u00e1\u2018.<br \/>\nSEVEROS DA\u00d1OS EN SOJA<br \/>\nEn la previa al an\u00e1lisis de cada una de las declaraciones juradas de los productores, \u2018en la recorrida a campo, se advirti\u00f3 que las plantaciones que m\u00e1s sufrieron fueron los sembrados de soja\u2018.<br \/>\nEn la observaci\u00f3n se concluye que \u2018aquellos cultivos de poroto sembrado en los finales de diciembre pasado, al estar m\u00e1s desarrollados, lograron un poco m\u00e1s de reserva y de estructura para soportar el ciclo de elevados registros t\u00e9rmicos y falta de humedad\u2018.<br \/>\n\u2018Las sojas implantadas sembradas a principio de enero son las que m\u00e1s se resintieron, detect\u00e1ndose lotes perdidos y que fueron resembrados o cambiados por ma\u00edz\u2018, refirieron los referentes del sector p\u00fablico en la subcomisi\u00f3n departamental de emergencia agropecuaria. En un contexto negativo y con un fen\u00f3meno de La Ni\u00f1a en aparente retirada, la esperanza es lo \u00faltimo que se pierde \u2018y todav\u00eda hay lotes en los que se est\u00e1 sembrando\u2018.<br \/>\nLOTES BENDECIDOS<br \/>\nLos lotes que se est\u00e1n sembrando o resembrando corresponde a productores que recibieron \u2018la bendici\u00f3n\u2018 de la lluvia con los chaparrones de los \u00faltimos d\u00edas de enero.<br \/>\n\u2018En algunos sectores del departamento precipit\u00f3 m\u00e1s que en otros y son esos los agricultores que est\u00e1n en plena faena de siembra\u2018, advirtieron los profesionales de la agronom\u00eda que trabajan en la zona. La sequ\u00eda, los registros t\u00e9rmicos altos y los chaparrones espor\u00e1dicos generan \u2018un combo que hace que la campa\u00f1a se extienda y se siga extendiendo porque, si se cumplen los pron\u00f3sticos de lluvias, el productor seguir\u00e1 sembrando en los pr\u00f3ximos d\u00edas\u2018.<br \/>\nEn los cultivares de algod\u00f3n, \u2018son muchos los lotes en floraci\u00f3n y otros que a\u00fan est\u00e1n en per\u00edodo vegetativo, pero en l\u00edneas generales los sembrados tambi\u00e9n est\u00e1n sufriendo la falta de lluvias\u2018. El d\u00e9ficit h\u00eddrico y las elevadas temperaturas \u2018provocan que la planta sufra, observ\u00e1ndose muestras que comienzan a caerse, en aquellos lotes que est\u00e1n en floraci\u00f3n o fructificaci\u00f3n\u2018.<\/p>\n","protected":false},"excerpt":{"rendered":"<p>La subcomisi\u00f3n de emergencia agropecuaria del departamento Comandante Fern\u00e1ndez inici\u00f3 el per\u00edodo de reuniones para analizar las declaraciones juradas de los da\u00f1os provocados por la sequ\u00eda en la producci\u00f3n de las 80 mil hect\u00e1reas agr\u00edcolas del \u00e1rea y las p\u00e9rdidas entre las cuarenta y un mil cabezas de ganado registradas en la \u00faltima vacunaci\u00f3n. La [&hellip;]<\/p>\n","protected":false},"author":1,"featured_media":18971,"comment_status":"closed","ping_status":"closed","sticky":false,"template":"","format":"standard","meta":{"footnotes":""},"categories":[6],"tags":[],"class_list":{"0":"post-18970","1":"post","2":"type-post","3":"status-publish","4":"format-standard","5":"has-post-thumbnail","7":"category-chaco"},"_links":{"self":[{"href":"https:\/\/chacosintesis.com.ar\/index.php\/wp-json\/wp\/v2\/posts\/18970","targetHints":{"allow":["GET"]}}],"collection":[{"href":"https:\/\/chacosintesis.com.ar\/index.php\/wp-json\/wp\/v2\/posts"}],"about":[{"href":"https:\/\/chacosintesis.com.ar\/index.php\/wp-json\/wp\/v2\/types\/post"}],"author":[{"embeddable":true,"href":"https:\/\/chacosintesis.com.ar\/index.php\/wp-json\/wp\/v2\/users\/1"}],"replies":[{"embeddable":true,"href":"https:\/\/chacosintesis.com.ar\/index.php\/wp-json\/wp\/v2\/comments?post=18970"}],"version-history":[{"count":0,"href":"https:\/\/chacosintesis.com.ar\/index.php\/wp-json\/wp\/v2\/posts\/18970\/revisions"}],"wp:featuredmedia":[{"embeddable":true,"href":"https:\/\/chacosintesis.com.ar\/index.php\/wp-json\/wp\/v2\/media\/18971"}],"wp:attachment":[{"href":"https:\/\/chacosintesis.com.ar\/index.php\/wp-json\/wp\/v2\/media?parent=18970"}],"wp:term":[{"taxonomy":"category","embeddable":true,"href":"https:\/\/chacosintesis.com.ar\/index.php\/wp-json\/wp\/v2\/categories?post=18970"},{"taxonomy":"post_tag","embeddable":true,"href":"https:\/\/chacosintesis.com.ar\/index.php\/wp-json\/wp\/v2\/tags?post=18970"}],"curies":[{"name":"wp","href":"https:\/\/api.w.org\/{rel}","templated":true}]}}