{"id":18912,"date":"2023-02-04T12:25:03","date_gmt":"2023-02-04T15:25:03","guid":{"rendered":"https:\/\/chacosintesis.com.ar\/?p=18912"},"modified":"2023-02-04T12:36:40","modified_gmt":"2023-02-04T15:36:40","slug":"capitanich-se-manifesto-a-favor-de-las-paso-y-considero-que-fortalecen-al-frente-de-todos","status":"publish","type":"post","link":"https:\/\/chacosintesis.com.ar\/index.php\/capitanich-se-manifesto-a-favor-de-las-paso-y-considero-que-fortalecen-al-frente-de-todos\/","title":{"rendered":"Capitanich se manifest\u00f3 a favor de las PASO y consider\u00f3 que \u201cfortalecen al Frente de Todos&#8221;"},"content":{"rendered":"<p>El gobernador del Chaco, Jorge Capitanich, consider\u00f3 que las primarias abiertas, simult\u00e1neas y obligatorias (PASO) son necesarias para &#8220;fortalecer el Frente de Todos (FdT)&#8221; y agreg\u00f3 que servir\u00e1n para dar &#8220;una expresi\u00f3n de los diferentes frentes internos&#8221; dentro de la coalici\u00f3n oficialista.<br \/>\n&#8220;Considero hoy que deber\u00edamos trabajar en el escenario de las PASO, deber\u00edamos trabajar para fortalecer el FdT. Hoy deber\u00eda haber unas primarias con la expresi\u00f3n de diferentes frentes internos que potencien la elecci\u00f3n y que nos garanticen las elecciones generales&#8221;, dijo Capitanich esta ma\u00f1ana en declaraciones para la radio AM 990.<br \/>\nEn este sentido, el gobernador chaque\u00f1o consider\u00f3 que dentro del espacio oficialista existen perspectivas &#8220;heterog\u00e9neas y m\u00faltiples&#8221; y que &#8220;necesitan una articulaci\u00f3n efectiva&#8221;.<br \/>\nCapitanich indic\u00f3 que esto se debe discutir en el marco de una mesa nacional del Frente de Todos para poder tener &#8220;un diagn\u00f3stico de la realidad pol\u00edtica, un plan de acci\u00f3n y una estrategia electoral vinculada a las PASO&#8221;. &#8220;Nunca tuvimos la capacidad de institucionalizarlo como expresi\u00f3n de una coalici\u00f3n. En las elecciones uno deber\u00eda tener la perspectiva de unas primarias con distintas expresiones&#8221;, se\u00f1al\u00f3 el mandatario.<br \/>\nPor su parte, al ser consultado sobre una posible candidatura a presidente en las elecciones del 2023, Capitanich asegur\u00f3 que no ha planteado &#8220;la voluntad de serlo&#8221;. &#8220;Primero hay que tener un acuerdo program\u00e1tico y la voluntad de distintos actores, y finalmente coronarlo con un liderazgo para garantizar competitividad electoral&#8221;.<br \/>\nAsimismo, agreg\u00f3 que en el FdT todos llevan &#8220;el bast\u00f3n de mariscal&#8221;, pero subray\u00f3 que hay que tener &#8220;una perspectiva cierta para la desmonopolizaci\u00f3n&#8221; e insisti\u00f3: &#8220;Necesitamos una democracia y pluralidad de voces&#8221;.<br \/>\nEsta semana, la portavoz de la Presidencia, Gabriela Cerruti, confirm\u00f3 que el presidente Alberto Fern\u00e1ndez, como titular del Partido Justicialista (PJ), &#8220;est\u00e1 analizando la conformaci\u00f3n de una mesa que trabaje sobre la estrategia electoral&#8221; del Frente de Todos (FdT) de cara a las elecciones de este a\u00f1o.<br \/>\n&#8220;El presidente, como presidente del PJ, est\u00e1 analizando la conformaci\u00f3n de una mesa que trabaje sobre la estrategia electoral. Hace m\u00e1s de un a\u00f1o, el 17 de noviembre del a\u00f1o pasado, el Presidente dijo que \u00edbamos a ir este a\u00f1o a una PASO donde todos se iban a poder expresar y elegir el candidato que mejor nos represente&#8221;, dijo Cerruti este jueves en rueda de prensa en Casa de Gobierno.<br \/>\nPor otro lado, Capitanich se refiri\u00f3 hoy al debate que se viene dando en la comisi\u00f3n de Juicio Pol\u00edtico de la C\u00e1mara de Diputados para iniciar ese proceso contra los integrantes de la Corte Suprema de Justicia y expres\u00f3 que hoy el dilema es &#8220;democracia versus corporaciones&#8221;.<br \/>\n&#8220;Esta justicia es garante del poder corporativo, no de la calidad institucional&#8221;, afirm\u00f3.<br \/>\nEn esta l\u00ednea, se refiri\u00f3 a la condena que recibi\u00f3 en diciembre la vicepresidenta Cristina Fern\u00e1ndez de Kirchner de parte del Tribunal Oral Federal N\u00b02, en la denominada causa Vialidad, que la inhabilitar\u00eda a ejercer cargos p\u00fablicos: &#8220;Nadie puede proscribir desde la visi\u00f3n del poder corporativo, solo puede proscribir el pueblo&#8221;.<br \/>\nFuente: Agencia T\u00e9lam<\/p>\n","protected":false},"excerpt":{"rendered":"<p>El gobernador del Chaco, Jorge Capitanich, consider\u00f3 que las primarias abiertas, simult\u00e1neas y obligatorias (PASO) son necesarias para &#8220;fortalecer el Frente de Todos (FdT)&#8221; y agreg\u00f3 que servir\u00e1n para dar &#8220;una expresi\u00f3n de los diferentes frentes internos&#8221; dentro de la coalici\u00f3n oficialista. &#8220;Considero hoy que deber\u00edamos trabajar en el escenario de las PASO, deber\u00edamos trabajar [&hellip;]<\/p>\n","protected":false},"author":1,"featured_media":18913,"comment_status":"closed","ping_status":"closed","sticky":false,"template":"","format":"standard","meta":{"footnotes":""},"categories":[6],"tags":[],"class_list":{"0":"post-18912","1":"post","2":"type-post","3":"status-publish","4":"format-standard","5":"has-post-thumbnail","7":"category-chaco"},"_links":{"self":[{"href":"https:\/\/chacosintesis.com.ar\/index.php\/wp-json\/wp\/v2\/posts\/18912","targetHints":{"allow":["GET"]}}],"collection":[{"href":"https:\/\/chacosintesis.com.ar\/index.php\/wp-json\/wp\/v2\/posts"}],"about":[{"href":"https:\/\/chacosintesis.com.ar\/index.php\/wp-json\/wp\/v2\/types\/post"}],"author":[{"embeddable":true,"href":"https:\/\/chacosintesis.com.ar\/index.php\/wp-json\/wp\/v2\/users\/1"}],"replies":[{"embeddable":true,"href":"https:\/\/chacosintesis.com.ar\/index.php\/wp-json\/wp\/v2\/comments?post=18912"}],"version-history":[{"count":0,"href":"https:\/\/chacosintesis.com.ar\/index.php\/wp-json\/wp\/v2\/posts\/18912\/revisions"}],"wp:featuredmedia":[{"embeddable":true,"href":"https:\/\/chacosintesis.com.ar\/index.php\/wp-json\/wp\/v2\/media\/18913"}],"wp:attachment":[{"href":"https:\/\/chacosintesis.com.ar\/index.php\/wp-json\/wp\/v2\/media?parent=18912"}],"wp:term":[{"taxonomy":"category","embeddable":true,"href":"https:\/\/chacosintesis.com.ar\/index.php\/wp-json\/wp\/v2\/categories?post=18912"},{"taxonomy":"post_tag","embeddable":true,"href":"https:\/\/chacosintesis.com.ar\/index.php\/wp-json\/wp\/v2\/tags?post=18912"}],"curies":[{"name":"wp","href":"https:\/\/api.w.org\/{rel}","templated":true}]}}