{"id":18881,"date":"2023-02-02T23:51:03","date_gmt":"2023-02-03T02:51:03","guid":{"rendered":"https:\/\/chacosintesis.com.ar\/?p=18881"},"modified":"2023-02-03T00:07:01","modified_gmt":"2023-02-03T03:07:01","slug":"la-ministra-centeno-se-encuentra-compensada-y-se-aguarda-la-evolucion-clinica-cardiovascular","status":"publish","type":"post","link":"https:\/\/chacosintesis.com.ar\/index.php\/la-ministra-centeno-se-encuentra-compensada-y-se-aguarda-la-evolucion-clinica-cardiovascular\/","title":{"rendered":"La ministra Centeno se encuentra \u201ccompensada\u201d y se aguarda \u201cla evoluci\u00f3n cl\u00ednica cardiovascular\u201d"},"content":{"rendered":"<p>El doctor Julio Vallejos, director del Instituto de Cardiolog\u00eda de Corrientes, dio a conocer esta tarde sobre el estado de salud de la ministra Carolina Centeno. En un informe oficial emitido desde el centro sanitario de la vecina provincia se asegura que la titular de la cartera sanitaria provincial est\u00e1 \u201ccompensada\u201d y se aguarda \u201cla evoluci\u00f3n cl\u00ednica cardiovascular y la relacionada al accidente of\u00eddico\u201d.<br \/>\nEste es el parte m\u00e9dico emitido a las 15: \u201cEn el d\u00eda de la fecha (jueves 2 de febrero), la paciente Carolina Centeno (ministra de Salud P\u00fablica del Chaco), quien ya fue asistida en 2021 por una arritmia card\u00edaca en nuestra instituci\u00f3n, ingres\u00f3 por un nuevo evento arr\u00edtmico, en el contexto de haber sufrido horas antes un accidente of\u00eddico, habiendo recibido el tratamiento inicial espec\u00edfico en la provincia del Chaco. Se realizaron estudios complementarios cardiovasculares y de im\u00e1genes, estando compensada y aguardando la evoluci\u00f3n cl\u00ednica cardiovascular y la relacionada al accidente of\u00eddico\u201d.<\/p>\n","protected":false},"excerpt":{"rendered":"<p>El doctor Julio Vallejos, director del Instituto de Cardiolog\u00eda de Corrientes, dio a conocer esta tarde sobre el estado de salud de la ministra Carolina Centeno. En un informe oficial emitido desde el centro sanitario de la vecina provincia se asegura que la titular de la cartera sanitaria provincial est\u00e1 \u201ccompensada\u201d y se aguarda \u201cla [&hellip;]<\/p>\n","protected":false},"author":1,"featured_media":18882,"comment_status":"closed","ping_status":"closed","sticky":false,"template":"","format":"standard","meta":{"footnotes":""},"categories":[6],"tags":[],"class_list":{"0":"post-18881","1":"post","2":"type-post","3":"status-publish","4":"format-standard","5":"has-post-thumbnail","7":"category-chaco"},"_links":{"self":[{"href":"https:\/\/chacosintesis.com.ar\/index.php\/wp-json\/wp\/v2\/posts\/18881","targetHints":{"allow":["GET"]}}],"collection":[{"href":"https:\/\/chacosintesis.com.ar\/index.php\/wp-json\/wp\/v2\/posts"}],"about":[{"href":"https:\/\/chacosintesis.com.ar\/index.php\/wp-json\/wp\/v2\/types\/post"}],"author":[{"embeddable":true,"href":"https:\/\/chacosintesis.com.ar\/index.php\/wp-json\/wp\/v2\/users\/1"}],"replies":[{"embeddable":true,"href":"https:\/\/chacosintesis.com.ar\/index.php\/wp-json\/wp\/v2\/comments?post=18881"}],"version-history":[{"count":0,"href":"https:\/\/chacosintesis.com.ar\/index.php\/wp-json\/wp\/v2\/posts\/18881\/revisions"}],"wp:featuredmedia":[{"embeddable":true,"href":"https:\/\/chacosintesis.com.ar\/index.php\/wp-json\/wp\/v2\/media\/18882"}],"wp:attachment":[{"href":"https:\/\/chacosintesis.com.ar\/index.php\/wp-json\/wp\/v2\/media?parent=18881"}],"wp:term":[{"taxonomy":"category","embeddable":true,"href":"https:\/\/chacosintesis.com.ar\/index.php\/wp-json\/wp\/v2\/categories?post=18881"},{"taxonomy":"post_tag","embeddable":true,"href":"https:\/\/chacosintesis.com.ar\/index.php\/wp-json\/wp\/v2\/tags?post=18881"}],"curies":[{"name":"wp","href":"https:\/\/api.w.org\/{rel}","templated":true}]}}