{"id":18867,"date":"2023-02-02T08:30:00","date_gmt":"2023-02-02T11:30:00","guid":{"rendered":"https:\/\/chacosintesis.com.ar\/?p=18867"},"modified":"2023-02-02T08:36:40","modified_gmt":"2023-02-02T11:36:40","slug":"secheep-habilito-la-inscripcion-a-la-audiencia-publica-para-la-actualizacion-tarifaria","status":"publish","type":"post","link":"https:\/\/chacosintesis.com.ar\/index.php\/secheep-habilito-la-inscripcion-a-la-audiencia-publica-para-la-actualizacion-tarifaria\/","title":{"rendered":"Secheep habilit\u00f3 la inscripci\u00f3n a la audiencia p\u00fablica para la actualizaci\u00f3n tarifaria"},"content":{"rendered":"<p>Podr\u00e1n inscribirse en forma presencial u online. \u201cLa gente que opte, podr\u00e1 exponer desde su casa. Buscamos una amplia participaci\u00f3n\u201d, se\u00f1al\u00f3 el presidente, Gast\u00f3n Blanquet.<\/p>\n<p>Buscando una amplia participaci\u00f3n, con el inicio de febrero, comenz\u00f3 el periodo de inscripci\u00f3n a la audiencia p\u00fablica que se realizar\u00e1 el pr\u00f3ximo 24 de febrero, en General San Mart\u00edn, en donde se tratar\u00e1 sobre la actualizaci\u00f3n de la tarifa de energ\u00eda el\u00e9ctrica y el cargo tarifario espec\u00edfico de Secheep. El objetivo es que todas y todos los interesados en participar puedan hacerlo, es por ello que se mantendr\u00e1 la tecnolog\u00eda digital que facilitar\u00e1 la intervenci\u00f3n de inscriptos desde cualquier lugar del Chaco y el pa\u00eds.<\/p>\n<p> \u201cLa audiencia p\u00fablica es el \u00e1mbito de participaci\u00f3n de la ciudadan\u00eda y nosotros vamos a brindar todas las facilidades para que la usuaria y el usuario que desee participar pueda hacerlo desde el medio que opten\u201d, se\u00f1al\u00f3 el presidente de Secheep, Gast\u00f3n Blanquet.<\/p>\n<p>Establecido por el Decreto provincial 95\/2023, la Audiencia P\u00fablica, convocada por el Ministerio de Planificaci\u00f3n, Econom\u00eda e Infraestructura de la Provincia del Chaco, se celebrar\u00e1 el 24 de febrero a las 9, en la Casa de la Cultura de General San Mart\u00edn, en donde el objeto de la jornada ser\u00e1 tratar la actualizaci\u00f3n de la tarifa de energ\u00eda el\u00e9ctrica y el Cargo Tarifario Espec\u00edfico.<\/p>\n<p> Est\u00e1 abierta la inscripci\u00f3n<\/p>\n<p>El Decreto 95\/2023 estableci\u00f3 la habilitaci\u00f3n por 20 d\u00edas previos a la celebraci\u00f3n de la Audiencia P\u00fablica, el Registro de Inscripci\u00f3n de los Ciudadanos, Organismos Estatales o Personas que quieran hacer uso de la palabra en la audiencia p\u00fablica. La inscripci\u00f3n se efectuar\u00e1 hasta dos d\u00edas antes de la celebraci\u00f3n de la audiencia p\u00fablica, en las sedes de Secheep de Presidencia Roque S\u00e1enz Pe\u00f1a (Belgrano 566) y de Resistencia (S\u00e1enz Pe\u00f1a 190), as\u00ed como tambi\u00e9n, completando el formulario disponible en la p\u00e1gina web de la empresa: <a href=\"https:\/\/www.secheep.gob.ar\/\">www.secheep.gob.ar\/<\/a>.<\/p>\n<p> Desde Secheep \u2013 cuyas autoridades presidir\u00e1n el evento \u2013 informaron que el objetivo es lograr una amplia participaci\u00f3n desde muchos puntos de la provincia e incluso de diferentes lugares del pa\u00eds, a trav\u00e9s de una plataforma digital que permitir\u00e1 que todos los inscriptos que no puedan ir hasta General San Mart\u00edn, puedan participar v\u00eda online.<\/p>\n<p>En vivo por redes sociales<\/p>\n<p>\u201cAdelantamos varios d\u00edas el registro de inscripci\u00f3n. Queremos que las personas interesadas participen. Asimismo, la audiencia se transmitir\u00e1 en vivo y en directo por redes sociales, con el objetivo de que todas y todos puedan escuchar el informe de costos del Valor Agregado de Distribuci\u00f3n (VAD) de la empresa como tambi\u00e9n el plan de obras que se espera ejecutar durante 2023\u201d, se\u00f1al\u00f3 Blanquet.<\/p>\n<p> Hay que recordar que la convocatoria a la audiencia p\u00fablica fue publicada en el Bolet\u00edn Oficial de la Provincia del Chaco y en medios impresos durante dos d\u00edas seguidos, con lo cual se ha dado cumplimiento efectivo con lo establecido por la Ley de Audiencias P\u00fablicas N\u00b0 1027-A.<\/p>\n<p>Adem\u00e1s, el informe econ\u00f3mico de Secheep as\u00ed como el informe del cuadro tarifario ya est\u00e1n disponible en la p\u00e1gina web de la empresa energ\u00e9tica de los chaque\u00f1os, en el siguiente link: <a href=\"https:\/\/www.secheep.gob.ar\/\">www.secheep.gob.ar\/<\/a>.<\/p>\n","protected":false},"excerpt":{"rendered":"<p>Podr\u00e1n inscribirse en forma presencial u online. \u201cLa gente que opte, podr\u00e1 exponer desde su casa. Buscamos una amplia participaci\u00f3n\u201d, se\u00f1al\u00f3 el presidente, Gast\u00f3n Blanquet. Buscando una amplia participaci\u00f3n, con el inicio de febrero, comenz\u00f3 el periodo de inscripci\u00f3n a la audiencia p\u00fablica que se realizar\u00e1 el pr\u00f3ximo 24 de febrero, en General San Mart\u00edn, [&hellip;]<\/p>\n","protected":false},"author":1,"featured_media":18868,"comment_status":"closed","ping_status":"closed","sticky":false,"template":"","format":"standard","meta":{"footnotes":""},"categories":[6],"tags":[],"class_list":{"0":"post-18867","1":"post","2":"type-post","3":"status-publish","4":"format-standard","5":"has-post-thumbnail","7":"category-chaco"},"_links":{"self":[{"href":"https:\/\/chacosintesis.com.ar\/index.php\/wp-json\/wp\/v2\/posts\/18867","targetHints":{"allow":["GET"]}}],"collection":[{"href":"https:\/\/chacosintesis.com.ar\/index.php\/wp-json\/wp\/v2\/posts"}],"about":[{"href":"https:\/\/chacosintesis.com.ar\/index.php\/wp-json\/wp\/v2\/types\/post"}],"author":[{"embeddable":true,"href":"https:\/\/chacosintesis.com.ar\/index.php\/wp-json\/wp\/v2\/users\/1"}],"replies":[{"embeddable":true,"href":"https:\/\/chacosintesis.com.ar\/index.php\/wp-json\/wp\/v2\/comments?post=18867"}],"version-history":[{"count":0,"href":"https:\/\/chacosintesis.com.ar\/index.php\/wp-json\/wp\/v2\/posts\/18867\/revisions"}],"wp:featuredmedia":[{"embeddable":true,"href":"https:\/\/chacosintesis.com.ar\/index.php\/wp-json\/wp\/v2\/media\/18868"}],"wp:attachment":[{"href":"https:\/\/chacosintesis.com.ar\/index.php\/wp-json\/wp\/v2\/media?parent=18867"}],"wp:term":[{"taxonomy":"category","embeddable":true,"href":"https:\/\/chacosintesis.com.ar\/index.php\/wp-json\/wp\/v2\/categories?post=18867"},{"taxonomy":"post_tag","embeddable":true,"href":"https:\/\/chacosintesis.com.ar\/index.php\/wp-json\/wp\/v2\/tags?post=18867"}],"curies":[{"name":"wp","href":"https:\/\/api.w.org\/{rel}","templated":true}]}}