{"id":18849,"date":"2023-02-01T09:01:41","date_gmt":"2023-02-01T12:01:41","guid":{"rendered":"https:\/\/chacosintesis.com.ar\/?p=18849"},"modified":"2023-02-01T09:37:06","modified_gmt":"2023-02-01T12:37:06","slug":"peche-le-pido-a-capitanich-que-suspenda-la-audiencia-publica-para-aumentar-la-tarifa-de-secheep","status":"publish","type":"post","link":"https:\/\/chacosintesis.com.ar\/index.php\/peche-le-pido-a-capitanich-que-suspenda-la-audiencia-publica-para-aumentar-la-tarifa-de-secheep\/","title":{"rendered":"Peche: &#8220;Le pido a Capitanich que suspenda la audiencia p\u00fablica para aumentar la tarifa de Secheep&#8221;"},"content":{"rendered":"<p>El dos veces intendente de Presidencia Roque S\u00e1enz Pe\u00f1a y actual presidente del interbloque de diputados de la UCR, Carim Peche, se refiri\u00f3 a la audiencia p\u00fablica convocada para el 24 de febrero por el gobierno provincial para incrementar la tarifa de Secheep.<br \/>\nPeche expres\u00f3 su preocupaci\u00f3n por la situaci\u00f3n econ\u00f3mica y social que vive el Chaco \u201cPareciera que Capitanich no es consciente que gobierna la provincia con m\u00e1s pobres e indigentes del pa\u00eds, con salarios totalmente desfasados frente a esta inflaci\u00f3n sin control que vivimos, las familias no alcanzan a cubrir las necesidades b\u00e1sicas, ni hablar de los jubilados, no se puede m\u00e1s, aumento tras aumento,  y en este contexto no terminan de llegar las boletas con aumentos del 200% y hasta del 300% en algunos casos que est\u00e1n convocando a audiencia p\u00fablica para volver a aumentar la tarifa de Secheep en un 40% promedio, le pido al gobernador que tenga un poco de contemplaci\u00f3n por y suspenda este nuevo incremento\u201d<br \/>\nAuditor\u00eda<br \/>\n\u201cLa soluci\u00f3n al desastroso estado econ\u00f3mico y financiero en que se encuentra Secheep no es seguir aplicando tarifazos que asfixian a quienes trabajan y generan oportunidades, se resuelve con el saneamiento de la empresa, con un manejo transparente y ordenado de los recursos, hace tiempo pedimos que se realice una auditor\u00eda externa para saber el real estado de la empresa pero por supuesto el oficialismo se niega sistem\u00e1ticamente&#8221;<br \/>\n\u00bfTarifa diferencial?<br \/>\nY record\u00f3 \u201cPrometieron una tarifa diferencial para el norte argentino, pero resulta que en el Chaco el KWh lo pagamos el doble que en Buenos Aires, a pesar de todo esto el servicio sigue siendo p\u00e9simo, sufrimos cortes de luz permanentes, no hay inversi\u00f3n para mejor el servicio, no le pagan a Cammesa, deben $40.000 millones, y siguen sin responder la pregunta que venimos haciendo hace 15 a\u00f1os \u00bfQu\u00e9 hacen con el dinero de los usuarios? la verdad de todo esto es que los tarifazos nada tienen que ver con brindar un servicio de calidad sino con tapar los agujeros producto del desmanejo\u201d<\/p>\n","protected":false},"excerpt":{"rendered":"<p>El dos veces intendente de Presidencia Roque S\u00e1enz Pe\u00f1a y actual presidente del interbloque de diputados de la UCR, Carim Peche, se refiri\u00f3 a la audiencia p\u00fablica convocada para el 24 de febrero por el gobierno provincial para incrementar la tarifa de Secheep. Peche expres\u00f3 su preocupaci\u00f3n por la situaci\u00f3n econ\u00f3mica y social que vive [&hellip;]<\/p>\n","protected":false},"author":1,"featured_media":18850,"comment_status":"closed","ping_status":"closed","sticky":false,"template":"","format":"standard","meta":{"footnotes":""},"categories":[6],"tags":[197],"class_list":{"0":"post-18849","1":"post","2":"type-post","3":"status-publish","4":"format-standard","5":"has-post-thumbnail","7":"category-chaco","8":"tag-destacada"},"_links":{"self":[{"href":"https:\/\/chacosintesis.com.ar\/index.php\/wp-json\/wp\/v2\/posts\/18849","targetHints":{"allow":["GET"]}}],"collection":[{"href":"https:\/\/chacosintesis.com.ar\/index.php\/wp-json\/wp\/v2\/posts"}],"about":[{"href":"https:\/\/chacosintesis.com.ar\/index.php\/wp-json\/wp\/v2\/types\/post"}],"author":[{"embeddable":true,"href":"https:\/\/chacosintesis.com.ar\/index.php\/wp-json\/wp\/v2\/users\/1"}],"replies":[{"embeddable":true,"href":"https:\/\/chacosintesis.com.ar\/index.php\/wp-json\/wp\/v2\/comments?post=18849"}],"version-history":[{"count":0,"href":"https:\/\/chacosintesis.com.ar\/index.php\/wp-json\/wp\/v2\/posts\/18849\/revisions"}],"wp:featuredmedia":[{"embeddable":true,"href":"https:\/\/chacosintesis.com.ar\/index.php\/wp-json\/wp\/v2\/media\/18850"}],"wp:attachment":[{"href":"https:\/\/chacosintesis.com.ar\/index.php\/wp-json\/wp\/v2\/media?parent=18849"}],"wp:term":[{"taxonomy":"category","embeddable":true,"href":"https:\/\/chacosintesis.com.ar\/index.php\/wp-json\/wp\/v2\/categories?post=18849"},{"taxonomy":"post_tag","embeddable":true,"href":"https:\/\/chacosintesis.com.ar\/index.php\/wp-json\/wp\/v2\/tags?post=18849"}],"curies":[{"name":"wp","href":"https:\/\/api.w.org\/{rel}","templated":true}]}}