{"id":18843,"date":"2023-02-01T08:00:00","date_gmt":"2023-02-01T11:00:00","guid":{"rendered":"https:\/\/chacosintesis.com.ar\/?p=18843"},"modified":"2023-02-01T08:10:33","modified_gmt":"2023-02-01T11:10:33","slug":"la-seleccion-argentina-de-voley-femenino-visitara-la-ciudad-de-saenz-pena","status":"publish","type":"post","link":"https:\/\/chacosintesis.com.ar\/index.php\/la-seleccion-argentina-de-voley-femenino-visitara-la-ciudad-de-saenz-pena\/","title":{"rendered":"La Selecci\u00f3n Argentina de Voley Femenino visitar\u00e1 la ciudad de S\u00e1enz Pe\u00f1a"},"content":{"rendered":"<p>Este viernes, en el Sal\u00f3n Ben\u00edtez, se realiz\u00f3 una conferencia de prensa a cargo de la Secretar\u00eda de Desarrollo Humano y Deportes, por la visita de la Selecci\u00f3n Argentina Sub 17 de Voley Femenino prevista para este s\u00e1bado.<br \/>\nEn la oportunidad, adem\u00e1s, el secretario Germ\u00e1n Rearte junto  a la entrenadora Soledad P\u00e9rez y las deportistas s\u00e1enzpe\u00f1enses del equipo de Sokol \u201cLas Halconcitas\u201d, dio detalles sobre los partidos amistosos que se realizar\u00e1n.<br \/>\n\u201cEstas chicas han puesto a S\u00e1enz Pe\u00f1a en lo m\u00e1s alto a nivel nacional\u201d,  destac\u00f3 el secretario sobre las presentes.<br \/>\nCabe resaltar que, durante la visita semanal del equipo nacional junto a profesionales, se realizar\u00e1n dos amistosos, una serie de entrenamientos y una charla educativa.<br \/>\nCronograma:<br \/>\nEl primer amistoso ser\u00e1 el mi\u00e9rcoles 1 de febrero a las 20 h en el club Acci\u00f3n, con la Selecci\u00f3n Chaque\u00f1a Sub 18; y el s\u00e1bado 4 de febrero a las 20h el amistoso final; previamente, a las 18 h habr\u00e1 una charla destinada a entrenadores y alumnos.<br \/>\nLos entrenamientos ser\u00e1n en el club Sokol a partir de ma\u00f1ana s\u00e1bado, de 19 a 21 h hasta el 5 de febrero, y en el club Morava desde las 7:45 hasta las 10 h, terminando al mediod\u00eda en el gimnasio \u201cSalud Gym\u201d.<\/p>\n","protected":false},"excerpt":{"rendered":"<p>Este viernes, en el Sal\u00f3n Ben\u00edtez, se realiz\u00f3 una conferencia de prensa a cargo de la Secretar\u00eda de Desarrollo Humano y Deportes, por la visita de la Selecci\u00f3n Argentina Sub 17 de Voley Femenino prevista para este s\u00e1bado. En la oportunidad, adem\u00e1s, el secretario Germ\u00e1n Rearte junto a la entrenadora Soledad P\u00e9rez y las deportistas [&hellip;]<\/p>\n","protected":false},"author":1,"featured_media":18844,"comment_status":"closed","ping_status":"closed","sticky":false,"template":"","format":"standard","meta":{"footnotes":""},"categories":[6],"tags":[],"class_list":{"0":"post-18843","1":"post","2":"type-post","3":"status-publish","4":"format-standard","5":"has-post-thumbnail","7":"category-chaco"},"_links":{"self":[{"href":"https:\/\/chacosintesis.com.ar\/index.php\/wp-json\/wp\/v2\/posts\/18843","targetHints":{"allow":["GET"]}}],"collection":[{"href":"https:\/\/chacosintesis.com.ar\/index.php\/wp-json\/wp\/v2\/posts"}],"about":[{"href":"https:\/\/chacosintesis.com.ar\/index.php\/wp-json\/wp\/v2\/types\/post"}],"author":[{"embeddable":true,"href":"https:\/\/chacosintesis.com.ar\/index.php\/wp-json\/wp\/v2\/users\/1"}],"replies":[{"embeddable":true,"href":"https:\/\/chacosintesis.com.ar\/index.php\/wp-json\/wp\/v2\/comments?post=18843"}],"version-history":[{"count":0,"href":"https:\/\/chacosintesis.com.ar\/index.php\/wp-json\/wp\/v2\/posts\/18843\/revisions"}],"wp:featuredmedia":[{"embeddable":true,"href":"https:\/\/chacosintesis.com.ar\/index.php\/wp-json\/wp\/v2\/media\/18844"}],"wp:attachment":[{"href":"https:\/\/chacosintesis.com.ar\/index.php\/wp-json\/wp\/v2\/media?parent=18843"}],"wp:term":[{"taxonomy":"category","embeddable":true,"href":"https:\/\/chacosintesis.com.ar\/index.php\/wp-json\/wp\/v2\/categories?post=18843"},{"taxonomy":"post_tag","embeddable":true,"href":"https:\/\/chacosintesis.com.ar\/index.php\/wp-json\/wp\/v2\/tags?post=18843"}],"curies":[{"name":"wp","href":"https:\/\/api.w.org\/{rel}","templated":true}]}}