{"id":18837,"date":"2023-01-31T17:27:31","date_gmt":"2023-01-31T20:27:31","guid":{"rendered":"https:\/\/chacosintesis.com.ar\/?p=18837"},"modified":"2023-01-31T17:36:57","modified_gmt":"2023-01-31T20:36:57","slug":"una-decena-de-localidades-chaquenas-viviran-la-fiesta-del-carnaval-este-fin-de-semana","status":"publish","type":"post","link":"https:\/\/chacosintesis.com.ar\/index.php\/una-decena-de-localidades-chaquenas-viviran-la-fiesta-del-carnaval-este-fin-de-semana\/","title":{"rendered":"Una decena de localidades chaque\u00f1as vivir\u00e1n la fiesta del carnaval este fin de semana"},"content":{"rendered":"<p>Del viernes 3 al s\u00e1bado 4 habr\u00e1 corsos en Las Palmas, General Pinedo, Juan Jos\u00e9 Castelli, Machagai, La Verde, Pampa del Indio, Quitilipi, San Bernardo, San Mart\u00edn y Villa \u00c1ngela.<\/p>\n<p>En di\u00e1logo con Radio Provincia del Chaco, Ariel Ybarra, presidente del Instituto de Turismo, adelant\u00f3 la agenda de carnavales que se vivir\u00e1n en 33 localidades de la provincia y se extender\u00e1 todo febrero. Del viernes 3 al s\u00e1bado 4, seguir\u00e1n los corsos en San Mart\u00edn; lo propio ser\u00e1 el s\u00e1bado 4 en Las Palmas, General Pinedo, Juan Jos\u00e9 Castelli, Machagai, La Verde, Pampa del Indio, Quitilipi y San Bernardo. \u201cEste es un gran esfuerzo de los municipios y de las comparsas que trabajan todo el a\u00f1o para poder ofrecer a todos los chaque\u00f1os y chaque\u00f1as esta fiesta\u201d, dijo Ybarra.<\/p>\n<p> Chaco 100% carnavales<br \/>\nLa fiesta del Rey Momo se vive a pleno en el territorio chaque\u00f1o. En ese marco, desde el Instituto de Turismo dieron a conocer el cronograma de los carnavales provinciales:<br \/>\nLas Palmas: 3, 4, 11, 18 y 19 de febrero<br \/>\nGeneral Pinedo: 4, 11 y 18 de febrero<br \/>\nJuan Jos\u00e9 Castelli: 4, 11, 18 y 19 de febrero<br \/>\nMachagai: 4, 11 y 18 de febrero<br \/>\nLa Verde: 3, 4 y 5 de febrero<br \/>\nPampa del Indio: 4 y 11 de febrero<br \/>\nQuitilipi 4 y 11 de febrero<br \/>\nSan Bernardo, 4, 10 y 11 de febrero<br \/>\nSan Mart\u00edn 3, 4, 10 y 11 de febrero<br \/>\nVilla \u00c1ngela, 4, 11, 18 y 19 de febrero<br \/>\nBarranqueras: 17 y 18 de febrero<br \/>\nBasail: 11 de febrero<br \/>\nCapit\u00e1n Solari: 25 de febrero<br \/>\nCharata: 25 de febrero y 4 de marzo<br \/>\nChorotis: 24 y 25 de febrero<br \/>\nColonia Ben\u00edtez: 17 y 18 de febrero<br \/>\nColonia Elisa: 10, 11, 17, 18 y 19 de febrero<br \/>\nCorzuela: 25 de febrero y 3 y 4 de marzo<br \/>\nEl Sauzalito: 19 y 20 de febrero<br \/>\nFontana: 17, 18, 19 y 20 de febrero<br \/>\nHermoso Campo: 19 y 24 de febrero<br \/>\nIsla del Cerrito: 17, 18 y 21 de febrero<br \/>\nLa Escondida: 10, 11 y 12 de febrero<br \/>\nLapachito: 10, 11 y 12 de febrero<br \/>\nLas Bre\u00f1as: 18 y 19 de febrero<br \/>\nLos Frentones: 20 de febrero<br \/>\nMakall\u00e9: 17, 18 y 19 de febrero<br \/>\nMargarita Bel\u00e9n: 24 y 25 de febrero<br \/>\nPampa Almir\u00f3n: 18 de febrero<br \/>\nPresidencia de La Plaza: 11, 18 y 25 de febrero<br \/>\nPuerto Bermejo: 10 y 11 de febrero<br \/>\nPuerto Eva Per\u00f3n: 10 y 11 de febrero<br \/>\nPuerto Tirol: 18, 19, 20, 24 y 25 de febrero<\/p>\n<p>\u00c1reas protegidas<br \/>\nYbarra coment\u00f3 que \u201cel Parque Nacional El Impenetrable est\u00e1 funcionando, ayer y anteayer hubo lluvias buenas para todo el interior por lo que hoy est\u00e1 con acceso limitado y pedimos que se informen antes de ir a visitarlo\u201d.  Y a\u00f1adi\u00f3: \u201cRecomendamos a los turistas que la mejor temporada para disfrutar del parque es a partir de Semana Santa, para disfrutar del alojamiento en el glamping y de todo lo que ofrece El Impenetrable hoy\u201d.<br \/>\nTambi\u00e9n los parques nacionales y provinciales est\u00e1n abiertos y funcionando, \u201ccon mucha expectativa para que se defina la creaci\u00f3n del Parque Nacional Laguna El Palmar\u201d, expres\u00f3.<br \/>\nFinalmente el funcionario recomend\u00f3 \u201ca todas y todos los chaque\u00f1os que a\u00fan no lo conocen ir al Parque de Campo del Cielo, con acceso por ruta de ripio a 12 kil\u00f3metros de Gancedo, un espacio \u00fanico de 100 hect\u00e1reas para disfrutar de lo natural y cultural, con el centro de interpretaci\u00f3n para conocer este fen\u00f3meno cient\u00edfico \u00fanico que nos dej\u00f3 el tercer meteorito m\u00e1s grande del mundo hace 4.000 a\u00f1os\u201d.<\/p>\n","protected":false},"excerpt":{"rendered":"<p>Del viernes 3 al s\u00e1bado 4 habr\u00e1 corsos en Las Palmas, General Pinedo, Juan Jos\u00e9 Castelli, Machagai, La Verde, Pampa del Indio, Quitilipi, San Bernardo, San Mart\u00edn y Villa \u00c1ngela. En di\u00e1logo con Radio Provincia del Chaco, Ariel Ybarra, presidente del Instituto de Turismo, adelant\u00f3 la agenda de carnavales que se vivir\u00e1n en 33 localidades [&hellip;]<\/p>\n","protected":false},"author":1,"featured_media":18838,"comment_status":"closed","ping_status":"closed","sticky":false,"template":"","format":"standard","meta":{"footnotes":""},"categories":[6],"tags":[],"class_list":{"0":"post-18837","1":"post","2":"type-post","3":"status-publish","4":"format-standard","5":"has-post-thumbnail","7":"category-chaco"},"_links":{"self":[{"href":"https:\/\/chacosintesis.com.ar\/index.php\/wp-json\/wp\/v2\/posts\/18837","targetHints":{"allow":["GET"]}}],"collection":[{"href":"https:\/\/chacosintesis.com.ar\/index.php\/wp-json\/wp\/v2\/posts"}],"about":[{"href":"https:\/\/chacosintesis.com.ar\/index.php\/wp-json\/wp\/v2\/types\/post"}],"author":[{"embeddable":true,"href":"https:\/\/chacosintesis.com.ar\/index.php\/wp-json\/wp\/v2\/users\/1"}],"replies":[{"embeddable":true,"href":"https:\/\/chacosintesis.com.ar\/index.php\/wp-json\/wp\/v2\/comments?post=18837"}],"version-history":[{"count":0,"href":"https:\/\/chacosintesis.com.ar\/index.php\/wp-json\/wp\/v2\/posts\/18837\/revisions"}],"wp:featuredmedia":[{"embeddable":true,"href":"https:\/\/chacosintesis.com.ar\/index.php\/wp-json\/wp\/v2\/media\/18838"}],"wp:attachment":[{"href":"https:\/\/chacosintesis.com.ar\/index.php\/wp-json\/wp\/v2\/media?parent=18837"}],"wp:term":[{"taxonomy":"category","embeddable":true,"href":"https:\/\/chacosintesis.com.ar\/index.php\/wp-json\/wp\/v2\/categories?post=18837"},{"taxonomy":"post_tag","embeddable":true,"href":"https:\/\/chacosintesis.com.ar\/index.php\/wp-json\/wp\/v2\/tags?post=18837"}],"curies":[{"name":"wp","href":"https:\/\/api.w.org\/{rel}","templated":true}]}}