{"id":18824,"date":"2023-01-31T09:21:23","date_gmt":"2023-01-31T12:21:23","guid":{"rendered":"https:\/\/chacosintesis.com.ar\/?p=18824"},"modified":"2023-01-31T09:38:29","modified_gmt":"2023-01-31T12:38:29","slug":"glenda-seifert-juan-carlos-polini-representa-el-verdadero-cambio","status":"publish","type":"post","link":"https:\/\/chacosintesis.com.ar\/index.php\/glenda-seifert-juan-carlos-polini-representa-el-verdadero-cambio\/","title":{"rendered":"Glenda Seifert: &#8220;Juan Carlos Polini representa el verdadero cambio&#8221;"},"content":{"rendered":"<p>La vicepresidente del comit\u00e9 provincial de la UCR e intendente de Pampa del Infierno, Glenda Seifert, se refiri\u00f3 a la necesidad de generar un cambio de rumbo en la provincia de manera de poder realizar las grandes transformaciones que necesitan los chaque\u00f1os. En ese contexto expres\u00f3 su acompa\u00f1amiento a la precandidatura de Juan Carlos Polini a la gobernaci\u00f3n del Chaco.<br \/>\nSeifert expres\u00f3 \u201cA esta altura de los acontecimientos, tras 15 a\u00f1os de gesti\u00f3n de un mismo gobierno, est\u00e1 m\u00e1s que claro que necesitamos una gesti\u00f3n que est\u00e9 verdaderamente comprometida con el Chaco y con los chaque\u00f1os, decidida a revertir las enormes asimetr\u00edas que padecemos y que no han sido resueltas pese a contar con recursos m\u00e1s que suficientes,  en este sentido no hay duda alguna de que Juan Carlos Polini es quien representa el verdadero cambio, no vivi\u00f3 ni vive de la pol\u00edtica, es un hombre que ha construido su vida en base al estudio, el trabajo y el esfuerzo,  con experiencia en gesti\u00f3n tanto en el sector privado como el p\u00fablico, lo demostr\u00f3 siendo un exitoso intendente de Coronel Du Graty encabezando una gesti\u00f3n austera, transparente, que permiti\u00f3 llevar adelante las grandes transformaciones que necesitaban sus pobladores\u201d<br \/>\nFinalmente remarc\u00f3 \u201cEstoy convencida que Juan Carlos Polini es quien nos permitir\u00e1 recuperar la esperanza para poder recorrer juntos el camino hacia el Chaco grande, donde los sue\u00f1os puedan hacerse realidad porque habr\u00e1 oportunidades para todos\u201d<\/p>\n","protected":false},"excerpt":{"rendered":"<p>La vicepresidente del comit\u00e9 provincial de la UCR e intendente de Pampa del Infierno, Glenda Seifert, se refiri\u00f3 a la necesidad de generar un cambio de rumbo en la provincia de manera de poder realizar las grandes transformaciones que necesitan los chaque\u00f1os. En ese contexto expres\u00f3 su acompa\u00f1amiento a la precandidatura de Juan Carlos Polini [&hellip;]<\/p>\n","protected":false},"author":1,"featured_media":18825,"comment_status":"closed","ping_status":"closed","sticky":false,"template":"","format":"standard","meta":{"footnotes":""},"categories":[6],"tags":[],"class_list":{"0":"post-18824","1":"post","2":"type-post","3":"status-publish","4":"format-standard","5":"has-post-thumbnail","7":"category-chaco"},"_links":{"self":[{"href":"https:\/\/chacosintesis.com.ar\/index.php\/wp-json\/wp\/v2\/posts\/18824","targetHints":{"allow":["GET"]}}],"collection":[{"href":"https:\/\/chacosintesis.com.ar\/index.php\/wp-json\/wp\/v2\/posts"}],"about":[{"href":"https:\/\/chacosintesis.com.ar\/index.php\/wp-json\/wp\/v2\/types\/post"}],"author":[{"embeddable":true,"href":"https:\/\/chacosintesis.com.ar\/index.php\/wp-json\/wp\/v2\/users\/1"}],"replies":[{"embeddable":true,"href":"https:\/\/chacosintesis.com.ar\/index.php\/wp-json\/wp\/v2\/comments?post=18824"}],"version-history":[{"count":0,"href":"https:\/\/chacosintesis.com.ar\/index.php\/wp-json\/wp\/v2\/posts\/18824\/revisions"}],"wp:featuredmedia":[{"embeddable":true,"href":"https:\/\/chacosintesis.com.ar\/index.php\/wp-json\/wp\/v2\/media\/18825"}],"wp:attachment":[{"href":"https:\/\/chacosintesis.com.ar\/index.php\/wp-json\/wp\/v2\/media?parent=18824"}],"wp:term":[{"taxonomy":"category","embeddable":true,"href":"https:\/\/chacosintesis.com.ar\/index.php\/wp-json\/wp\/v2\/categories?post=18824"},{"taxonomy":"post_tag","embeddable":true,"href":"https:\/\/chacosintesis.com.ar\/index.php\/wp-json\/wp\/v2\/tags?post=18824"}],"curies":[{"name":"wp","href":"https:\/\/api.w.org\/{rel}","templated":true}]}}