{"id":18810,"date":"2023-01-30T09:45:02","date_gmt":"2023-01-30T12:45:02","guid":{"rendered":"https:\/\/chacosintesis.com.ar\/?p=18810"},"modified":"2023-01-30T09:48:30","modified_gmt":"2023-01-30T12:48:30","slug":"polini-du-graty-es-testimonio-de-progreso","status":"publish","type":"post","link":"https:\/\/chacosintesis.com.ar\/index.php\/polini-du-graty-es-testimonio-de-progreso\/","title":{"rendered":"Polini: &#8220;Du Graty es testimonio de progreso&#8221;"},"content":{"rendered":"<p>El diputado nacional y precandidato a gobernador del Chaco, Juan Carlos Polini, particip\u00f3 del acto protocolar y del festival popular llevado adelante por el aniversario de Coronel Du Graty. Tras destacar la gesti\u00f3n del intendente y agradecer a los vecinos se\u00f1al\u00f3 &#8220;Me pone muy contento que podamos festejar todos juntos, amo a mi pueblo y creo realmente que Du Graty es testimonio de progreso y crecimiento para el Chaco, cualquier persona que venga de afuera ve a la ciudad muy cambiada,  los ciudadanos pueden disfrutar cada vez de m\u00e1s iluminaci\u00f3n, m\u00e1s asfalto y m\u00e1s espacios de esparcimiento&#8221;.<br \/>\n&#8220;Todo es fruto del compromiso del equipo municipal pero tambi\u00e9n tiene que ver con el cari\u00f1o que tenemos los dugratenses por nuestra tierra, es imposible que un pueblo avance si sus habitantes no conf\u00edan e invierten en \u00e9l, tenemos una sociedad que responde al est\u00edmulo del Estado, hay cada vez m\u00e1s emprendedores y profesionales que eligen la localidad, estamos en uno de los mejores momentos del jard\u00edn del Chaco&#8221;.<br \/>\nFinalmente expres\u00f3 &#8220;Quiero dar las gracias a los vecinos por el cari\u00f1o sincero y felicitar al intendente Oscar Dalmasso y el gabinete por todo el esfuerzo para que esto sea una verdadera fiesta, uno se siente pleno de compartir la presencia de instituciones y artistas que nos aseguran muchos a\u00f1os m\u00e1s con identidad y arraigo&#8221;<\/p>\n","protected":false},"excerpt":{"rendered":"<p>El diputado nacional y precandidato a gobernador del Chaco, Juan Carlos Polini, particip\u00f3 del acto protocolar y del festival popular llevado adelante por el aniversario de Coronel Du Graty. Tras destacar la gesti\u00f3n del intendente y agradecer a los vecinos se\u00f1al\u00f3 &#8220;Me pone muy contento que podamos festejar todos juntos, amo a mi pueblo y [&hellip;]<\/p>\n","protected":false},"author":1,"featured_media":18811,"comment_status":"closed","ping_status":"closed","sticky":false,"template":"","format":"standard","meta":{"footnotes":""},"categories":[6],"tags":[],"class_list":{"0":"post-18810","1":"post","2":"type-post","3":"status-publish","4":"format-standard","5":"has-post-thumbnail","7":"category-chaco"},"_links":{"self":[{"href":"https:\/\/chacosintesis.com.ar\/index.php\/wp-json\/wp\/v2\/posts\/18810","targetHints":{"allow":["GET"]}}],"collection":[{"href":"https:\/\/chacosintesis.com.ar\/index.php\/wp-json\/wp\/v2\/posts"}],"about":[{"href":"https:\/\/chacosintesis.com.ar\/index.php\/wp-json\/wp\/v2\/types\/post"}],"author":[{"embeddable":true,"href":"https:\/\/chacosintesis.com.ar\/index.php\/wp-json\/wp\/v2\/users\/1"}],"replies":[{"embeddable":true,"href":"https:\/\/chacosintesis.com.ar\/index.php\/wp-json\/wp\/v2\/comments?post=18810"}],"version-history":[{"count":0,"href":"https:\/\/chacosintesis.com.ar\/index.php\/wp-json\/wp\/v2\/posts\/18810\/revisions"}],"wp:featuredmedia":[{"embeddable":true,"href":"https:\/\/chacosintesis.com.ar\/index.php\/wp-json\/wp\/v2\/media\/18811"}],"wp:attachment":[{"href":"https:\/\/chacosintesis.com.ar\/index.php\/wp-json\/wp\/v2\/media?parent=18810"}],"wp:term":[{"taxonomy":"category","embeddable":true,"href":"https:\/\/chacosintesis.com.ar\/index.php\/wp-json\/wp\/v2\/categories?post=18810"},{"taxonomy":"post_tag","embeddable":true,"href":"https:\/\/chacosintesis.com.ar\/index.php\/wp-json\/wp\/v2\/tags?post=18810"}],"curies":[{"name":"wp","href":"https:\/\/api.w.org\/{rel}","templated":true}]}}