{"id":18802,"date":"2023-01-30T09:06:58","date_gmt":"2023-01-30T12:06:58","guid":{"rendered":"https:\/\/chacosintesis.com.ar\/?p=18802"},"modified":"2023-01-30T09:07:22","modified_gmt":"2023-01-30T12:07:22","slug":"saenz-pena-motociclista-sin-luces-perdio-la-vida-tras-colisionar-con-un-automovil-en-ruta-95","status":"publish","type":"post","link":"https:\/\/chacosintesis.com.ar\/index.php\/saenz-pena-motociclista-sin-luces-perdio-la-vida-tras-colisionar-con-un-automovil-en-ruta-95\/","title":{"rendered":"Saenz Pe\u00f1a: Motociclista sin luces perdi\u00f3 la vida tras colisionar con un autom\u00f3vil en ruta 95"},"content":{"rendered":"<p>Motociclista conduc\u00eda sin luces sobre ruta 95, y fue embestido por un autom\u00f3vil que no se percat\u00f3 de la presencia del mismo, para esquivar a tiempo al conductor del menor rodado que perdi\u00f3 la vida de manera inmediata.<br \/>\nEl accidente sucedi\u00f3 anoche alrededor de las 23 horas, sobre ruta 95 a la altura del Democr\u00e1tico Espa\u00f1ol, unos diez kil\u00f3metros de la ciudad hacia el sur.<br \/>\nSeg\u00fan se pudo saber de fuentes policiales que confirmaron a NORTE, que el accidente habr\u00eda sido producto, no solamente por la falta de luces del motociclista, al parecer el mismo tambi\u00e9n habr\u00eda estado conduciendo por el carril contrario.<br \/>\nFue por esta raz\u00f3n la garvedad del impacto entre el autom\u00f3vil Chevrolet Corsa y la motocicleta, el cual ocasion\u00f3 la inmediata muerte del motociclista, que fue identificado Carlo Pav\u00f3n de 35 a\u00f1os, y tambi\u00e9n se produjeron lesiones leves en el conductor del autom\u00f3vil, como as\u00ed importantes da\u00f1os materiales.<br \/>\nTom\u00f3 intervenci\u00f3n en el hecho, comisaria jurisdiccional, Polic\u00eda Caminera, que hasta la madrugada de hoy lunes estuvo en las tareas de regular el tr\u00e1nsito, hasta que se terminaran las tareas por parte del Gabinete Cient\u00edfico del Poder Judicial, y ambulancia del hospital 4 de Junio, que concurri\u00f3 para atender al chofer lesionado del autom\u00f3vil.<br \/>\nDiarioNorte.-<\/p>\n","protected":false},"excerpt":{"rendered":"<p>Motociclista conduc\u00eda sin luces sobre ruta 95, y fue embestido por un autom\u00f3vil que no se percat\u00f3 de la presencia del mismo, para esquivar a tiempo al conductor del menor rodado que perdi\u00f3 la vida de manera inmediata. El accidente sucedi\u00f3 anoche alrededor de las 23 horas, sobre ruta 95 a la altura del Democr\u00e1tico [&hellip;]<\/p>\n","protected":false},"author":1,"featured_media":18803,"comment_status":"closed","ping_status":"closed","sticky":false,"template":"","format":"standard","meta":{"footnotes":""},"categories":[6],"tags":[197],"class_list":{"0":"post-18802","1":"post","2":"type-post","3":"status-publish","4":"format-standard","5":"has-post-thumbnail","7":"category-chaco","8":"tag-destacada"},"_links":{"self":[{"href":"https:\/\/chacosintesis.com.ar\/index.php\/wp-json\/wp\/v2\/posts\/18802","targetHints":{"allow":["GET"]}}],"collection":[{"href":"https:\/\/chacosintesis.com.ar\/index.php\/wp-json\/wp\/v2\/posts"}],"about":[{"href":"https:\/\/chacosintesis.com.ar\/index.php\/wp-json\/wp\/v2\/types\/post"}],"author":[{"embeddable":true,"href":"https:\/\/chacosintesis.com.ar\/index.php\/wp-json\/wp\/v2\/users\/1"}],"replies":[{"embeddable":true,"href":"https:\/\/chacosintesis.com.ar\/index.php\/wp-json\/wp\/v2\/comments?post=18802"}],"version-history":[{"count":0,"href":"https:\/\/chacosintesis.com.ar\/index.php\/wp-json\/wp\/v2\/posts\/18802\/revisions"}],"wp:featuredmedia":[{"embeddable":true,"href":"https:\/\/chacosintesis.com.ar\/index.php\/wp-json\/wp\/v2\/media\/18803"}],"wp:attachment":[{"href":"https:\/\/chacosintesis.com.ar\/index.php\/wp-json\/wp\/v2\/media?parent=18802"}],"wp:term":[{"taxonomy":"category","embeddable":true,"href":"https:\/\/chacosintesis.com.ar\/index.php\/wp-json\/wp\/v2\/categories?post=18802"},{"taxonomy":"post_tag","embeddable":true,"href":"https:\/\/chacosintesis.com.ar\/index.php\/wp-json\/wp\/v2\/tags?post=18802"}],"curies":[{"name":"wp","href":"https:\/\/api.w.org\/{rel}","templated":true}]}}