{"id":18798,"date":"2023-01-29T11:28:57","date_gmt":"2023-01-29T14:28:57","guid":{"rendered":"https:\/\/chacosintesis.com.ar\/?p=18798"},"modified":"2023-01-29T11:36:39","modified_gmt":"2023-01-29T14:36:39","slug":"rach-quiroga-acompano-el-acto-por-el-81-aniversario-de-coronel-du-graty","status":"publish","type":"post","link":"https:\/\/chacosintesis.com.ar\/index.php\/rach-quiroga-acompano-el-acto-por-el-81-aniversario-de-coronel-du-graty\/","title":{"rendered":"Rach Quiroga acompa\u00f1\u00f3 el acto por el 81\u00b0 aniversario de Coronel Du Graty"},"content":{"rendered":"<p>Este s\u00e1bado y con un estadio repleto, la vicegobernadora, Anal\u00eda Rach Quiroga, junto al intendente de Coronel Du Graty, Oscar Dalmasso, particip\u00f3 del 81\u00b0 aniversario de la localidad. Durante el acto, la vicemandataria destac\u00f3 el acompa\u00f1amiento del Gobierno provincial para el desarrollo del \u201cJard\u00edn del Chaco\u201d en materia de obras de infraestructura.<\/p>\n<p> Anal\u00eda Rach Quiroga destac\u00f3 las gestiones conjuntas entre el municipio y el Gobierno Provincial, sin distinciones, con el objetivo de impulsar el desarrollo y crecimiento de la localidad y se refiri\u00f3 a licitaci\u00f3n de obras para refaccionar el hospital local, al tiempo que anunci\u00f3 la aprobaci\u00f3n de un cr\u00e9dito para adquirir equipamiento.<br \/>\nEste s\u00e1bado y con un estadio repleto, la vicegobernadora, Anal\u00eda Rach Quiroga, junto al intendente de Coronel Du Graty, Oscar Dalmasso, particip\u00f3 del 81\u00b0 aniversario de la localidad. Durante el acto, la vicemandataria destac\u00f3 el acompa\u00f1amiento del Gobierno provincial para el desarrollo del \u201cJard\u00edn del Chaco\u201d en materia de obras de infraestructura.<br \/>\n\u201cPara nosotros es muy importante estar presentes acompa\u00f1ando a las comunidades en cada aniversario, a lo largo y a lo ancho de todo el territorio, y adem\u00e1s, es un orgullo poder observar lo bella que est\u00e1 esta localidad, gracias a la gesti\u00f3n municipal y provincial, que acompa\u00f1a a cada localidad, sin distinciones y con el \u00fanico objetivo de trabajar hermanados por el desarrollo y crecimiento de cada pueblo\u201d expres\u00f3 Rach Quiroga, acompa\u00f1ada por la Secretaria de Municipios, Beatriz Bogado.<\/p>\n<p>Gestiones para el desarrollo municipal<\/p>\n<p>La vicegobernadora destac\u00f3 la importancia del microestadio cubierto, obra anhelada por los dugratenses  y que fue inaugurada por el gobernador Jorge Capitanich. El espacio convoca a j\u00f3venes, ni\u00f1os y ni\u00f1as y \u201cpermite garantizar el acceso al deporte, a la generaci\u00f3n de valores institucionales, adem\u00e1s de ser espacios de contenci\u00f3n\u201d, asegur\u00f3.<br \/>\nAdem\u00e1s, en esta oportunidad, comunic\u00f3 la aprobaci\u00f3n de una l\u00ednea de cr\u00e9ditos del Banco Naci\u00f3n y que permitir\u00e1 que Du Graty cuente con $20 millones para comprar una hormigonera que permitir\u00e1 poner en marcha m\u00faltiples proyectos.<br \/>\nEntre otras de las gestiones realizadas por el Gobierno provincial para el municipio, Rach Quiroga se refiri\u00f3 a la apertura de sobres con ofertas para la licitaci\u00f3n de obras de ampliaci\u00f3n y de refacci\u00f3n del hospital local, por una inversi\u00f3n superior a los $187 millones, financiados por el Ministerio de Planificaci\u00f3n, Econom\u00eda e Infraestructura, en el marco de un plan de obras sanitarias..<br \/>\n\u201cEstas obras vinculadas a la infraestructura sanitaria permiten garantizar un derecho fundamental como es el derecho a la salud, adem\u00e1s de impulsar la generaci\u00f3n de empleo y  el desarrollo de comunidades\u201d, subray\u00f3. \u201cRatificamos el compromiso de seguir trabajando como lo venimos haciendo juntos, por todo lo que nos falta y seguir acompa\u00f1ando el desarrollo de Coronel Du Graty\u201d.<br \/>\nLa secretaria de Municipios, Beatriz Bogado, celebr\u00f3 los 81 a\u00f1os de Du Graty, honrando la memoria, el trabajo y el esfuerzo de los primeros pobladores que \u201chicieron que esta comunidad crezca a la vera del ferrocarril, como la mayor\u00eda de localidades\u201d. Resalt\u00f3 \u201cel trabajo y articulaci\u00f3n del Gobierno provincial con  los gobiernos locales que permite, \u201cel crecimiento y el desarrollo gracias a este trabajo mancomunado\u201d, expres\u00f3.<br \/>\nA su turno, el intendente Oscar Dalmasso se dirigi\u00f3 a la comunidad y autoridades presentes. \u201cEs un honor y responsabilidad conducir los destinos de esta comunidad y por supuesto, colaborar con su desarrollo y crecimiento, de esta ciudad, el Jard\u00edn del Chaco\u201d. Adem\u00e1s, agradeci\u00f3 las gestiones impulsadas por el Gobierno provincial \u201cpara poner en marcha obras importantes que nos permiten seguir creciendo\u201d.<br \/>\n\u201cCoronel Du Graty decidi\u00f3 mirar hacia adelante, resolver los problemas del presente pero con el compromiso que tenemos para construir el gran porvenir que so\u00f1amos para nuestros j\u00f3venes\u201d, cerr\u00f3 Dalmasso.<br \/>\nParticiparon tambi\u00e9n del acto aniversario la intendenta de Enrique Urien, Lilian Pascua, la presidenta del Concejo y a cargo de la intendencia de Santa Sylvina, Nancy del Pilar Gonz\u00e1lez, el secretario de Gobierno del municipio de Villa \u00c1ngela, Alberto Svenson, el presidente del Concejo de Coronel Du Graty, Rodrigo Avela el diputado nacional, Juan Carlos Polini, concejales y funcionarios, vecinos y vecinas de la localidad.<\/p>\n","protected":false},"excerpt":{"rendered":"<p>Este s\u00e1bado y con un estadio repleto, la vicegobernadora, Anal\u00eda Rach Quiroga, junto al intendente de Coronel Du Graty, Oscar Dalmasso, particip\u00f3 del 81\u00b0 aniversario de la localidad. Durante el acto, la vicemandataria destac\u00f3 el acompa\u00f1amiento del Gobierno provincial para el desarrollo del \u201cJard\u00edn del Chaco\u201d en materia de obras de infraestructura. Anal\u00eda Rach Quiroga [&hellip;]<\/p>\n","protected":false},"author":1,"featured_media":18799,"comment_status":"closed","ping_status":"closed","sticky":false,"template":"","format":"standard","meta":{"footnotes":""},"categories":[6],"tags":[],"class_list":{"0":"post-18798","1":"post","2":"type-post","3":"status-publish","4":"format-standard","5":"has-post-thumbnail","7":"category-chaco"},"_links":{"self":[{"href":"https:\/\/chacosintesis.com.ar\/index.php\/wp-json\/wp\/v2\/posts\/18798","targetHints":{"allow":["GET"]}}],"collection":[{"href":"https:\/\/chacosintesis.com.ar\/index.php\/wp-json\/wp\/v2\/posts"}],"about":[{"href":"https:\/\/chacosintesis.com.ar\/index.php\/wp-json\/wp\/v2\/types\/post"}],"author":[{"embeddable":true,"href":"https:\/\/chacosintesis.com.ar\/index.php\/wp-json\/wp\/v2\/users\/1"}],"replies":[{"embeddable":true,"href":"https:\/\/chacosintesis.com.ar\/index.php\/wp-json\/wp\/v2\/comments?post=18798"}],"version-history":[{"count":0,"href":"https:\/\/chacosintesis.com.ar\/index.php\/wp-json\/wp\/v2\/posts\/18798\/revisions"}],"wp:featuredmedia":[{"embeddable":true,"href":"https:\/\/chacosintesis.com.ar\/index.php\/wp-json\/wp\/v2\/media\/18799"}],"wp:attachment":[{"href":"https:\/\/chacosintesis.com.ar\/index.php\/wp-json\/wp\/v2\/media?parent=18798"}],"wp:term":[{"taxonomy":"category","embeddable":true,"href":"https:\/\/chacosintesis.com.ar\/index.php\/wp-json\/wp\/v2\/categories?post=18798"},{"taxonomy":"post_tag","embeddable":true,"href":"https:\/\/chacosintesis.com.ar\/index.php\/wp-json\/wp\/v2\/tags?post=18798"}],"curies":[{"name":"wp","href":"https:\/\/api.w.org\/{rel}","templated":true}]}}