{"id":18784,"date":"2023-01-28T08:46:47","date_gmt":"2023-01-28T11:46:47","guid":{"rendered":"https:\/\/chacosintesis.com.ar\/?p=18784"},"modified":"2023-01-28T09:07:32","modified_gmt":"2023-01-28T12:07:32","slug":"tres-isletas-un-nino-de-2-anos-fallecio-en-accidente-de-transito","status":"publish","type":"post","link":"https:\/\/chacosintesis.com.ar\/index.php\/tres-isletas-un-nino-de-2-anos-fallecio-en-accidente-de-transito\/","title":{"rendered":"Tres Isletas: Un ni\u00f1o de 2 a\u00f1os falleci\u00f3 en accidente de tr\u00e1nsito"},"content":{"rendered":"<p>El infante viajaba en moto con su madre al momento del choque con un cami\u00f3n.<br \/>\nMadre e hijo, fueron llevados al hospital local, pero pese a la r\u00e1pida atenci\u00f3n el peque\u00f1o falleci\u00f3.<br \/>\nEl siniestro sucedi\u00f3 ayer a las 12:30, en avenida G\u00fcemes, donde un cami\u00f3n Mercedes Benz, que era guiado por un ciudadano de 29 a\u00f1os, fue colisionado en su costado por una motocicleta Appia City Plus, en la que se movilizaba una joven de 28 a\u00f1os junto a su hijo de dos a\u00f1os.<br \/>\nLos ocupantes de la moto resultaron con lesiones y fueron llevados al nosocomio local, donde el peque\u00f1o falleci\u00f3 a minutos de haber ingresado. En tanto su madre permanece internada.<br \/>\nSe iniciaron las actuaciones judiciales por \u201cSupuesto Homicidio Culposo en Accidente de Tr\u00e1nsito\u201d<\/p>\n","protected":false},"excerpt":{"rendered":"<p>El infante viajaba en moto con su madre al momento del choque con un cami\u00f3n. Madre e hijo, fueron llevados al hospital local, pero pese a la r\u00e1pida atenci\u00f3n el peque\u00f1o falleci\u00f3. El siniestro sucedi\u00f3 ayer a las 12:30, en avenida G\u00fcemes, donde un cami\u00f3n Mercedes Benz, que era guiado por un ciudadano de 29 [&hellip;]<\/p>\n","protected":false},"author":1,"featured_media":18785,"comment_status":"closed","ping_status":"closed","sticky":false,"template":"","format":"standard","meta":{"footnotes":""},"categories":[6],"tags":[197],"class_list":{"0":"post-18784","1":"post","2":"type-post","3":"status-publish","4":"format-standard","5":"has-post-thumbnail","7":"category-chaco","8":"tag-destacada"},"_links":{"self":[{"href":"https:\/\/chacosintesis.com.ar\/index.php\/wp-json\/wp\/v2\/posts\/18784","targetHints":{"allow":["GET"]}}],"collection":[{"href":"https:\/\/chacosintesis.com.ar\/index.php\/wp-json\/wp\/v2\/posts"}],"about":[{"href":"https:\/\/chacosintesis.com.ar\/index.php\/wp-json\/wp\/v2\/types\/post"}],"author":[{"embeddable":true,"href":"https:\/\/chacosintesis.com.ar\/index.php\/wp-json\/wp\/v2\/users\/1"}],"replies":[{"embeddable":true,"href":"https:\/\/chacosintesis.com.ar\/index.php\/wp-json\/wp\/v2\/comments?post=18784"}],"version-history":[{"count":0,"href":"https:\/\/chacosintesis.com.ar\/index.php\/wp-json\/wp\/v2\/posts\/18784\/revisions"}],"wp:featuredmedia":[{"embeddable":true,"href":"https:\/\/chacosintesis.com.ar\/index.php\/wp-json\/wp\/v2\/media\/18785"}],"wp:attachment":[{"href":"https:\/\/chacosintesis.com.ar\/index.php\/wp-json\/wp\/v2\/media?parent=18784"}],"wp:term":[{"taxonomy":"category","embeddable":true,"href":"https:\/\/chacosintesis.com.ar\/index.php\/wp-json\/wp\/v2\/categories?post=18784"},{"taxonomy":"post_tag","embeddable":true,"href":"https:\/\/chacosintesis.com.ar\/index.php\/wp-json\/wp\/v2\/tags?post=18784"}],"curies":[{"name":"wp","href":"https:\/\/api.w.org\/{rel}","templated":true}]}}