{"id":18767,"date":"2023-01-27T18:23:47","date_gmt":"2023-01-27T21:23:47","guid":{"rendered":"https:\/\/chacosintesis.com.ar\/?p=18767"},"modified":"2023-01-27T18:37:31","modified_gmt":"2023-01-27T21:37:31","slug":"tres-isletas-fallecio-un-nino-tras-siniestro-vial-entre-una-moto-y-un-camion","status":"publish","type":"post","link":"https:\/\/chacosintesis.com.ar\/index.php\/tres-isletas-fallecio-un-nino-tras-siniestro-vial-entre-una-moto-y-un-camion\/","title":{"rendered":"Tres Isletas: falleci\u00f3 un ni\u00f1o tras siniestro vial entre una moto y un cami\u00f3n"},"content":{"rendered":"<p>Un ni\u00f1o de dos a\u00f1os falleci\u00f3 este mediod\u00eda luego de un siniestro vial que tuvo como protagonistas a una motocicleta y un cami\u00f3n en Tres Isletas. Madre e hijo, fueron llevados al hospital local, pero pese a la r\u00e1pida atenci\u00f3n el peque\u00f1o perdi\u00f3 la vida.<\/p>\n<p>El siniestro vial sucedi\u00f3 a las 12:30, en avenida G\u00fcemes, donde un cami\u00f3n Mercedes Benz, que era guiado por un ciudadano de 29 a\u00f1os, \u201cfue colisionado en su costado por una motocicleta Appia City Plus, en la que se movilizaba una joven de 28 a\u00f1os junto a su hijo de dos a\u00f1os\u201d, se inform\u00f3 desde la Polic\u00eda del Chaco.<\/p>\n<p> Los ocupantes de la moto resultaron con lesiones y fueron llevados al nosocomio local, donde el peque\u00f1o falleci\u00f3 a minutos de haber ingresado. En tanto su madre permanece internada. Se iniciaron las actuaciones judiciales por \u201cSupuesto Homicidio Culposo en Accidente de Tr\u00e1nsito\u201d.<\/p>\n","protected":false},"excerpt":{"rendered":"<p>Un ni\u00f1o de dos a\u00f1os falleci\u00f3 este mediod\u00eda luego de un siniestro vial que tuvo como protagonistas a una motocicleta y un cami\u00f3n en Tres Isletas. Madre e hijo, fueron llevados al hospital local, pero pese a la r\u00e1pida atenci\u00f3n el peque\u00f1o perdi\u00f3 la vida. El siniestro vial sucedi\u00f3 a las 12:30, en avenida G\u00fcemes, [&hellip;]<\/p>\n","protected":false},"author":1,"featured_media":18768,"comment_status":"closed","ping_status":"closed","sticky":false,"template":"","format":"standard","meta":{"footnotes":""},"categories":[6],"tags":[],"class_list":{"0":"post-18767","1":"post","2":"type-post","3":"status-publish","4":"format-standard","5":"has-post-thumbnail","7":"category-chaco"},"_links":{"self":[{"href":"https:\/\/chacosintesis.com.ar\/index.php\/wp-json\/wp\/v2\/posts\/18767","targetHints":{"allow":["GET"]}}],"collection":[{"href":"https:\/\/chacosintesis.com.ar\/index.php\/wp-json\/wp\/v2\/posts"}],"about":[{"href":"https:\/\/chacosintesis.com.ar\/index.php\/wp-json\/wp\/v2\/types\/post"}],"author":[{"embeddable":true,"href":"https:\/\/chacosintesis.com.ar\/index.php\/wp-json\/wp\/v2\/users\/1"}],"replies":[{"embeddable":true,"href":"https:\/\/chacosintesis.com.ar\/index.php\/wp-json\/wp\/v2\/comments?post=18767"}],"version-history":[{"count":0,"href":"https:\/\/chacosintesis.com.ar\/index.php\/wp-json\/wp\/v2\/posts\/18767\/revisions"}],"wp:featuredmedia":[{"embeddable":true,"href":"https:\/\/chacosintesis.com.ar\/index.php\/wp-json\/wp\/v2\/media\/18768"}],"wp:attachment":[{"href":"https:\/\/chacosintesis.com.ar\/index.php\/wp-json\/wp\/v2\/media?parent=18767"}],"wp:term":[{"taxonomy":"category","embeddable":true,"href":"https:\/\/chacosintesis.com.ar\/index.php\/wp-json\/wp\/v2\/categories?post=18767"},{"taxonomy":"post_tag","embeddable":true,"href":"https:\/\/chacosintesis.com.ar\/index.php\/wp-json\/wp\/v2\/tags?post=18767"}],"curies":[{"name":"wp","href":"https:\/\/api.w.org\/{rel}","templated":true}]}}