{"id":18750,"date":"2023-01-27T14:10:10","date_gmt":"2023-01-27T17:10:10","guid":{"rendered":"https:\/\/chacosintesis.com.ar\/?p=18750"},"modified":"2023-01-27T14:37:25","modified_gmt":"2023-01-27T17:37:25","slug":"comienza-el-pago-de-salarios-a-la-administracion-publica-provincial","status":"publish","type":"post","link":"https:\/\/chacosintesis.com.ar\/index.php\/comienza-el-pago-de-salarios-a-la-administracion-publica-provincial\/","title":{"rendered":"Comienza el pago de salarios a la administraci\u00f3n p\u00fablica provincial"},"content":{"rendered":"<p>Los sueldos se depositar\u00e1n antes de fin de mes comenzando con las y los jubilados, en tanto el lunes cobrar\u00e1n las y los trabajadores activos. La docencia chaque\u00f1a cobrar\u00e1 la cl\u00e1usula gatillo, con un aumento de 16,3%.<br \/>\nEl Ministerio de Planificaci\u00f3n, Econom\u00eda e Infraestructura recuerda que este viernes 27 comenzar\u00e1 el pago de la Administraci\u00f3n P\u00fablica con los sueldos de las y los jubilados provinciales. El cronograma continuar\u00e1 el lunes 30 con las y los trabajadores activos.<br \/>\nEn ambos casos podr\u00e1n acceder a sus haberes ese mismo d\u00eda a trav\u00e9s de la red de cajeros autom\u00e1ticos del Nuevo Banco del Chaco y el resto de los canales digitales de la entidad.<br \/>\nComo ya es pol\u00edtica de Estado, los salarios provinciales se pagan antes de que finalice el mes, tal como lo viene realizando el gobierno provincial desde el a\u00f1o 2021. \u201cLogramos darles certidumbre y previsibilidad mes a mes, el objetivo de la pol\u00edtica salarial apunta tambi\u00e9n a que el salario le gane a la inflaci\u00f3n, esto se viene cumpliendo gracias a cuentas p\u00fablicas ordenadas y equilibradas, un eficiente manejo de la hacienda y la exitosa refinanciaci\u00f3n de la deuda p\u00fablica en d\u00f3lares\u201d, se\u00f1al\u00f3 el titular de la cartera econ\u00f3mica, Santiago P\u00e9rez Pons.<\/p>\n","protected":false},"excerpt":{"rendered":"<p>Los sueldos se depositar\u00e1n antes de fin de mes comenzando con las y los jubilados, en tanto el lunes cobrar\u00e1n las y los trabajadores activos. La docencia chaque\u00f1a cobrar\u00e1 la cl\u00e1usula gatillo, con un aumento de 16,3%. El Ministerio de Planificaci\u00f3n, Econom\u00eda e Infraestructura recuerda que este viernes 27 comenzar\u00e1 el pago de la Administraci\u00f3n [&hellip;]<\/p>\n","protected":false},"author":1,"featured_media":18751,"comment_status":"closed","ping_status":"closed","sticky":false,"template":"","format":"standard","meta":{"footnotes":""},"categories":[6],"tags":[],"class_list":{"0":"post-18750","1":"post","2":"type-post","3":"status-publish","4":"format-standard","5":"has-post-thumbnail","7":"category-chaco"},"_links":{"self":[{"href":"https:\/\/chacosintesis.com.ar\/index.php\/wp-json\/wp\/v2\/posts\/18750","targetHints":{"allow":["GET"]}}],"collection":[{"href":"https:\/\/chacosintesis.com.ar\/index.php\/wp-json\/wp\/v2\/posts"}],"about":[{"href":"https:\/\/chacosintesis.com.ar\/index.php\/wp-json\/wp\/v2\/types\/post"}],"author":[{"embeddable":true,"href":"https:\/\/chacosintesis.com.ar\/index.php\/wp-json\/wp\/v2\/users\/1"}],"replies":[{"embeddable":true,"href":"https:\/\/chacosintesis.com.ar\/index.php\/wp-json\/wp\/v2\/comments?post=18750"}],"version-history":[{"count":0,"href":"https:\/\/chacosintesis.com.ar\/index.php\/wp-json\/wp\/v2\/posts\/18750\/revisions"}],"wp:featuredmedia":[{"embeddable":true,"href":"https:\/\/chacosintesis.com.ar\/index.php\/wp-json\/wp\/v2\/media\/18751"}],"wp:attachment":[{"href":"https:\/\/chacosintesis.com.ar\/index.php\/wp-json\/wp\/v2\/media?parent=18750"}],"wp:term":[{"taxonomy":"category","embeddable":true,"href":"https:\/\/chacosintesis.com.ar\/index.php\/wp-json\/wp\/v2\/categories?post=18750"},{"taxonomy":"post_tag","embeddable":true,"href":"https:\/\/chacosintesis.com.ar\/index.php\/wp-json\/wp\/v2\/tags?post=18750"}],"curies":[{"name":"wp","href":"https:\/\/api.w.org\/{rel}","templated":true}]}}