{"id":18666,"date":"2023-01-24T10:28:51","date_gmt":"2023-01-24T13:28:51","guid":{"rendered":"https:\/\/chacosintesis.com.ar\/?p=18666"},"modified":"2023-01-24T10:37:00","modified_gmt":"2023-01-24T13:37:00","slug":"brutal-crimen-en-merlo-la-autopsia-de-la-bebe-revelo-que-fue-asesinada-y-detuvieron-a-la-mama-y-su-pareja","status":"publish","type":"post","link":"https:\/\/chacosintesis.com.ar\/index.php\/brutal-crimen-en-merlo-la-autopsia-de-la-bebe-revelo-que-fue-asesinada-y-detuvieron-a-la-mama-y-su-pareja\/","title":{"rendered":"Brutal crimen en Merlo: la autopsia de la beb\u00e9 revel\u00f3 que fue asesinada y detuvieron a la mam\u00e1 y su pareja"},"content":{"rendered":"<p>La mujer hab\u00eda llevado a la nena de 2 a\u00f1os al hospital porque \u201cse hab\u00eda ca\u00eddo de la cama\u201d, pero los m\u00e9dicos sospechaban que hab\u00eda sido v\u00edctima de maltrato infantil.<br \/>\nUna mujer lleg\u00f3 con su hija de dos a\u00f1os muerta al Hospital Zonal General de Agudos H\u00e9roes de Malvinas y dijo que se hab\u00eda ca\u00eddo de la cama. Sin embargo, los hematomas que presentaba la nena no pasaron inadvertidos y se abri\u00f3 una investigaci\u00f3n para establecer las causas del fallecimiento. En las \u00faltimas horas, la autopsia revel\u00f3 lo peor: la nena fue asesinada.<br \/>\nTras conocerse el informe forense, la justicia orden\u00f3 la detenci\u00f3n inmediata de la madre, Milagros Esther Torres, y de su pareja y padrastro de la menor, Dar\u00edo Chamorro. La causa fue recaratulada luego de los resultados como \u201cHomicidio agravado por el v\u00ednculo\u201d.<br \/>\nLe\u00e9 tambi\u00e9n: Filicidio en Berazategui: la t\u00eda de Renzo revel\u00f3 que lo mataron a golpes por comerse una golosina<br \/>\nLa autopsia determin\u00f3 que la nena, identificada como Milena, ten\u00eda un golpe muy fuerte en la cabeza, una laceraci\u00f3n en el h\u00edgado con hemorragia interna, golpes en el abdomen y encontraron una fisura en la tibia de la pierna derecha con data de un mes.<br \/>\nSeg\u00fan informaron fuentes del caso, la nena agoniz\u00f3 toda la noche y la data de muerte ocurri\u00f3 varias antes de que la llevaran al hospital, circunstancias similares a las que tuvieron que padecer Lucio Dupuy y Renzo Godoy.<br \/>\nDe acuerdo al relato de la madre, todo ocurri\u00f3 alrededor de las 22 del martes pasado en su casa de la calle Jos\u00e9 Ingenieros al 1200, mientras ella preparaba la cena para su familia. En un descuido, dijo que Milena se cay\u00f3 accidentalmente de la cama en donde estaba descansando y al d\u00eda siguiente amaneci\u00f3 con un cuadro de v\u00f3mitos y convulsiones.<br \/>\nDespu\u00e9s de que los profesionales alertaran a las autoridades sobre las marcas que ten\u00eda en el cuerpo la criatura, el mismo fue revisado por los peritos que constataron la existencia de las lesiones y agregaron que contaba con signos de haber sufrido malos tratos previos al momento de su muerte.<br \/>\nLe\u00e9 tambi\u00e9n: El abuelo de Lucio Dupuy detall\u00f3 los castigos que el nene recib\u00eda de su madre: \u201cLo dejaba a la intemperie\u201d<br \/>\nDe esta manera, la causa, que en un principio se abri\u00f3 preventivamente como \u201cAveriguaci\u00f3n de causales de muerte\u201d, fue recaratulada y qued\u00f3 a cargo de la fiscal Adriana Elizabeth Su\u00e1rez Corripio, de la Unidad Funcional N\u00b0 8 de los tribunales de esa jurisdicci\u00f3n.<br \/>\nLuego de quedar detenidos, ambos se negaron a declarar cuando fueron indagados. Pese al intento de la fiscal por acusarlo de homicidio agravado por el v\u00ednculo, la Justicia de Garant\u00edas le endilg\u00f3 a Chamarro el delito de homicidio simple, ya que no es el padre biol\u00f3gico.<br \/>\nTN.-<\/p>\n","protected":false},"excerpt":{"rendered":"<p>La mujer hab\u00eda llevado a la nena de 2 a\u00f1os al hospital porque \u201cse hab\u00eda ca\u00eddo de la cama\u201d, pero los m\u00e9dicos sospechaban que hab\u00eda sido v\u00edctima de maltrato infantil. Una mujer lleg\u00f3 con su hija de dos a\u00f1os muerta al Hospital Zonal General de Agudos H\u00e9roes de Malvinas y dijo que se hab\u00eda ca\u00eddo [&hellip;]<\/p>\n","protected":false},"author":1,"featured_media":18667,"comment_status":"closed","ping_status":"closed","sticky":false,"template":"","format":"standard","meta":{"footnotes":""},"categories":[8],"tags":[],"class_list":{"0":"post-18666","1":"post","2":"type-post","3":"status-publish","4":"format-standard","5":"has-post-thumbnail","7":"category-nacionales"},"_links":{"self":[{"href":"https:\/\/chacosintesis.com.ar\/index.php\/wp-json\/wp\/v2\/posts\/18666","targetHints":{"allow":["GET"]}}],"collection":[{"href":"https:\/\/chacosintesis.com.ar\/index.php\/wp-json\/wp\/v2\/posts"}],"about":[{"href":"https:\/\/chacosintesis.com.ar\/index.php\/wp-json\/wp\/v2\/types\/post"}],"author":[{"embeddable":true,"href":"https:\/\/chacosintesis.com.ar\/index.php\/wp-json\/wp\/v2\/users\/1"}],"replies":[{"embeddable":true,"href":"https:\/\/chacosintesis.com.ar\/index.php\/wp-json\/wp\/v2\/comments?post=18666"}],"version-history":[{"count":0,"href":"https:\/\/chacosintesis.com.ar\/index.php\/wp-json\/wp\/v2\/posts\/18666\/revisions"}],"wp:featuredmedia":[{"embeddable":true,"href":"https:\/\/chacosintesis.com.ar\/index.php\/wp-json\/wp\/v2\/media\/18667"}],"wp:attachment":[{"href":"https:\/\/chacosintesis.com.ar\/index.php\/wp-json\/wp\/v2\/media?parent=18666"}],"wp:term":[{"taxonomy":"category","embeddable":true,"href":"https:\/\/chacosintesis.com.ar\/index.php\/wp-json\/wp\/v2\/categories?post=18666"},{"taxonomy":"post_tag","embeddable":true,"href":"https:\/\/chacosintesis.com.ar\/index.php\/wp-json\/wp\/v2\/tags?post=18666"}],"curies":[{"name":"wp","href":"https:\/\/api.w.org\/{rel}","templated":true}]}}