{"id":18658,"date":"2023-01-24T08:35:47","date_gmt":"2023-01-24T11:35:47","guid":{"rendered":"https:\/\/chacosintesis.com.ar\/?p=18658"},"modified":"2023-01-24T08:37:27","modified_gmt":"2023-01-24T11:37:27","slug":"el-gobernador-e-intendentes-definieron-agenda-de-obras-prioritarias","status":"publish","type":"post","link":"https:\/\/chacosintesis.com.ar\/index.php\/el-gobernador-e-intendentes-definieron-agenda-de-obras-prioritarias\/","title":{"rendered":"El Gobernador e intendentes definieron agenda de obras prioritarias"},"content":{"rendered":"<p>Las reuniones contemplaron diferentes temas vinculados a las actividades institucionales de Gobierno y municipios, y se coordin\u00f3 una agenda de trabajo con el fin de evaluar y definir el avance de diferentes obras, entre las que se destacan viviendas, rutas y el acueducto Santa Sylvina &#8211; Chorotis.<\/p>\n<p>El gobernador Jorge Capitanich recibi\u00f3 esta ma\u00f1ana en su despacho a los intendentes de Chorotis, Marcelo Bodnarczuk, y de Margarita Bel\u00e9n, Javier Martinez, para trabajar sobre diferentes temas de la agenda institucional.<br \/>\nEn Chorotis, el Gobierno provincial avanza en la construcci\u00f3n de 20 viviendas, adem\u00e1s de mejoras en el registro civil, un complejo polideportivo, la construcci\u00f3n de una escuela especial, la ejecuci\u00f3n de la ruta 15 y la continuidad de las obras que permitir\u00e1n el funcionamiento del acueducto Santa Sylvina-Chorotis.<br \/>\nEl intendente de Chorotis sostuvo que fue una \u201cmuy buena primera reuni\u00f3n del a\u00f1o\u201d, ya que se pudo definir una agenda de trabajo en la cual se incluyeron los 12 kil\u00f3metros de asfalto para unir Venados Grandes con Chorotis. \u201cEsta es una obra emblem\u00e1tica para nosotros y el gobernador nos inform\u00f3 que el llamado a licitaci\u00f3n ser\u00e1 el pr\u00f3ximo 23 de febrero, con un plazo de ejecuci\u00f3n de 8 meses\u201d, indic\u00f3.<\/p>\n<p>En lo que respecta a Margarita Bel\u00e9n, el mandatario destac\u00f3: \u201cestamos comprometidos en aumentar la dotaci\u00f3n de cajeros autom\u00e1ticos y remodelaci\u00f3n del \u00e1rea de atenci\u00f3n en la mini filial del NBCH\u201d. Adem\u00e1s agreg\u00f3 que se trabaja en la continuidad de las etapas 2 y 3 del sistema cloacal, el apoyo a los carnavales y la construcci\u00f3n de la capilla San Francisco de As\u00eds.<br \/>\nJavier Mart\u00ednez adelant\u00f3 adem\u00e1s que se proyectaron nuevas obras en materia de pavimentaci\u00f3n, ripio, iluminaci\u00f3n y conectividad. \u201cFue una reuni\u00f3n muy positiva donde pudimos repasar y ajustar algunas cuestiones que est\u00e1n pendientes para poder concretarlas en este 2023\u201d, asegur\u00f3.<br \/>\nEntre otras obras, record\u00f3 que en la localidad se est\u00e1n realizando obras de pavimento, la Casa de la Cultura y la ampliaci\u00f3n de la comisar\u00eda local. \u201cA esto debemos sumarle que tenemos una situaci\u00f3n muy positiva en materia de energ\u00eda ya que pudimos solucionar los cortes de luz gracias a inversiones importantes de la empresa Secheep\u201d, destac\u00f3 y agreg\u00f3 \u201cesta misma situaci\u00f3n se da con el agua potable a trav\u00e9s de las inversiones que se realizaron\u201d.<\/p>\n","protected":false},"excerpt":{"rendered":"<p>Las reuniones contemplaron diferentes temas vinculados a las actividades institucionales de Gobierno y municipios, y se coordin\u00f3 una agenda de trabajo con el fin de evaluar y definir el avance de diferentes obras, entre las que se destacan viviendas, rutas y el acueducto Santa Sylvina &#8211; Chorotis. El gobernador Jorge Capitanich recibi\u00f3 esta ma\u00f1ana en [&hellip;]<\/p>\n","protected":false},"author":1,"featured_media":18659,"comment_status":"closed","ping_status":"closed","sticky":false,"template":"","format":"standard","meta":{"footnotes":""},"categories":[6],"tags":[],"class_list":{"0":"post-18658","1":"post","2":"type-post","3":"status-publish","4":"format-standard","5":"has-post-thumbnail","7":"category-chaco"},"_links":{"self":[{"href":"https:\/\/chacosintesis.com.ar\/index.php\/wp-json\/wp\/v2\/posts\/18658","targetHints":{"allow":["GET"]}}],"collection":[{"href":"https:\/\/chacosintesis.com.ar\/index.php\/wp-json\/wp\/v2\/posts"}],"about":[{"href":"https:\/\/chacosintesis.com.ar\/index.php\/wp-json\/wp\/v2\/types\/post"}],"author":[{"embeddable":true,"href":"https:\/\/chacosintesis.com.ar\/index.php\/wp-json\/wp\/v2\/users\/1"}],"replies":[{"embeddable":true,"href":"https:\/\/chacosintesis.com.ar\/index.php\/wp-json\/wp\/v2\/comments?post=18658"}],"version-history":[{"count":0,"href":"https:\/\/chacosintesis.com.ar\/index.php\/wp-json\/wp\/v2\/posts\/18658\/revisions"}],"wp:featuredmedia":[{"embeddable":true,"href":"https:\/\/chacosintesis.com.ar\/index.php\/wp-json\/wp\/v2\/media\/18659"}],"wp:attachment":[{"href":"https:\/\/chacosintesis.com.ar\/index.php\/wp-json\/wp\/v2\/media?parent=18658"}],"wp:term":[{"taxonomy":"category","embeddable":true,"href":"https:\/\/chacosintesis.com.ar\/index.php\/wp-json\/wp\/v2\/categories?post=18658"},{"taxonomy":"post_tag","embeddable":true,"href":"https:\/\/chacosintesis.com.ar\/index.php\/wp-json\/wp\/v2\/tags?post=18658"}],"curies":[{"name":"wp","href":"https:\/\/api.w.org\/{rel}","templated":true}]}}