{"id":18644,"date":"2023-01-23T08:21:34","date_gmt":"2023-01-23T11:21:34","guid":{"rendered":"https:\/\/chacosintesis.com.ar\/?p=18644"},"modified":"2023-01-23T08:36:44","modified_gmt":"2023-01-23T11:36:44","slug":"anuncian-nueva-recomposicion-salarial-para-el-sector-docente","status":"publish","type":"post","link":"https:\/\/chacosintesis.com.ar\/index.php\/anuncian-nueva-recomposicion-salarial-para-el-sector-docente\/","title":{"rendered":"Anuncian nueva recomposici\u00f3n salarial para el sector docente"},"content":{"rendered":"<p>Chaco es la \u00fanica provincia que mantiene la Cl\u00e1usula Gatillo, determinada por los \u00edndices de inflaci\u00f3n de la regi\u00f3n NEA para activos y jubilados.<br \/>\nEl gobernador Jorge Capitanich anunciar\u00e1 este lunes 23 el nuevo porcentaje de la cl\u00e1usula gatillo destinada al sector docente como parte del acuerdo salarial alcanzado del a\u00f1o pasado.<br \/>\nA modo de anticipo se supo que esta nueva recomposici\u00f3n salarial se abonar\u00e1 con los sueldos de enero 2023, los que se pagar\u00e1n el 27 de enero para trabajadores pasivos y el 30 de enero para las y los activos.<br \/>\nLa conferencia de prensa del mandatario provincial se realizar\u00e1 a las 8.10 en el Sal\u00f3n Obligado de la Casa de Gobierno, junto al ministro de Planificaci\u00f3n, Econom\u00eda e Infraestructura, Santiago P\u00e9rez Pons.<br \/>\nEl Chaco es la \u00fanica provincia que mantiene la cl\u00e1usula gatillo (que es determinada por los \u00edndices de inflaci\u00f3n de la regi\u00f3n NEA) para todas y todos los docentes. En la \u00faltima conferencia sobre este tema realizada en octubre del a\u00f1o pasado, el mandatario provincial record\u00f3 que \u2018la recomposici\u00f3n salarial desde el 2019 fue sistem\u00e1tica y clara, superando la tasa de inflaci\u00f3n, generando una recomposici\u00f3n salarial y significando un aumento en la estructura de ingresos de las y los trabajadores de la educaci\u00f3n chaque\u00f1os\u2018.<br \/>\nPor su parte el ministro P\u00e9rez Pons concluy\u00f3: \u2018Desde esta gesti\u00f3n asumimos con los 19 gremios el compromiso de que el salario docente le ganar\u00eda a la inflaci\u00f3n en 2022 y as\u00ed lo venimos cumpliendo con el pago de la cl\u00e1usula gatillo y generando adicionales que garanticen la recomposici\u00f3n salarial\u2018.<br \/>\nLos anuncios que realizar\u00e1 en la jornada el mandatario provincial, viene a modo de respuesta a los requerimientos realizados horas atr\u00e1s por el Frente Gremial Docente respecto a la necesidad de mantener en la mesa de negociaci\u00f3n la mencionada cl\u00e1usula gatillo junto con el plan de recomposici\u00f3n salarial para el correspondiente periodo 2023.<br \/>\nEl Frente Gremial sostiene que con los sueldos pr\u00f3ximos a percibirse, debe cobrarse un porcentaje de incremento por encima del 16 % para corregir el desfasaje por inflaci\u00f3n del \u00faltimo trimestre del a\u00f1o 2022, con la aplicaci\u00f3n de la cl\u00e1usula gatillo a tal efecto, cerr\u00e1ndose de ese modo la pauta del a\u00f1o pasado.<br \/>\nAtech, Utre Ctera y Sadop, ratificaron su posici\u00f3n, de cara a la pauta salarial 2023 a definirse para el presente a\u00f1o, exactamente con los mismos criterios que para la del a\u00f1o anterior, sosteniendo el inter\u00e9s de ganarle a la inflaci\u00f3n.<br \/>\nDiarioNorte.-<\/p>\n","protected":false},"excerpt":{"rendered":"<p>Chaco es la \u00fanica provincia que mantiene la Cl\u00e1usula Gatillo, determinada por los \u00edndices de inflaci\u00f3n de la regi\u00f3n NEA para activos y jubilados. El gobernador Jorge Capitanich anunciar\u00e1 este lunes 23 el nuevo porcentaje de la cl\u00e1usula gatillo destinada al sector docente como parte del acuerdo salarial alcanzado del a\u00f1o pasado. A modo de [&hellip;]<\/p>\n","protected":false},"author":1,"featured_media":18645,"comment_status":"closed","ping_status":"closed","sticky":false,"template":"","format":"standard","meta":{"footnotes":""},"categories":[6],"tags":[],"class_list":{"0":"post-18644","1":"post","2":"type-post","3":"status-publish","4":"format-standard","5":"has-post-thumbnail","7":"category-chaco"},"_links":{"self":[{"href":"https:\/\/chacosintesis.com.ar\/index.php\/wp-json\/wp\/v2\/posts\/18644","targetHints":{"allow":["GET"]}}],"collection":[{"href":"https:\/\/chacosintesis.com.ar\/index.php\/wp-json\/wp\/v2\/posts"}],"about":[{"href":"https:\/\/chacosintesis.com.ar\/index.php\/wp-json\/wp\/v2\/types\/post"}],"author":[{"embeddable":true,"href":"https:\/\/chacosintesis.com.ar\/index.php\/wp-json\/wp\/v2\/users\/1"}],"replies":[{"embeddable":true,"href":"https:\/\/chacosintesis.com.ar\/index.php\/wp-json\/wp\/v2\/comments?post=18644"}],"version-history":[{"count":0,"href":"https:\/\/chacosintesis.com.ar\/index.php\/wp-json\/wp\/v2\/posts\/18644\/revisions"}],"wp:featuredmedia":[{"embeddable":true,"href":"https:\/\/chacosintesis.com.ar\/index.php\/wp-json\/wp\/v2\/media\/18645"}],"wp:attachment":[{"href":"https:\/\/chacosintesis.com.ar\/index.php\/wp-json\/wp\/v2\/media?parent=18644"}],"wp:term":[{"taxonomy":"category","embeddable":true,"href":"https:\/\/chacosintesis.com.ar\/index.php\/wp-json\/wp\/v2\/categories?post=18644"},{"taxonomy":"post_tag","embeddable":true,"href":"https:\/\/chacosintesis.com.ar\/index.php\/wp-json\/wp\/v2\/tags?post=18644"}],"curies":[{"name":"wp","href":"https:\/\/api.w.org\/{rel}","templated":true}]}}