{"id":18610,"date":"2023-01-21T09:29:34","date_gmt":"2023-01-21T12:29:34","guid":{"rendered":"https:\/\/chacosintesis.com.ar\/?p=18610"},"modified":"2023-01-21T09:36:57","modified_gmt":"2023-01-21T12:36:57","slug":"creen-que-banda-que-roba-aviones-en-paraguay-es-la-que-opero-en-el-chaco","status":"publish","type":"post","link":"https:\/\/chacosintesis.com.ar\/index.php\/creen-que-banda-que-roba-aviones-en-paraguay-es-la-que-opero-en-el-chaco\/","title":{"rendered":"Creen que banda que roba aviones en Paraguay es la que oper\u00f3 en el Chaco"},"content":{"rendered":"<p>La polic\u00eda del vecino pa\u00eds se sum\u00f3 a la investigaci\u00f3n. Elementos y modalidad vinculan los casos ocurridos. Sigue el proceso de identificaci\u00f3n de los cuerpos de los delincuentes.<br \/>\nAutoridades del Ministerio de Seguridad y Justicia recibieron ayer a una delegaci\u00f3n de funcionarios y agentes de la Polic\u00eda Nacional del Paraguay, dando inicio a la colaboraci\u00f3n binacional del impactante caso del robo del avi\u00f3n ocurrido en Villa \u00c1ngela que termin\u00f3 precipit\u00e1ndose a tierra a los pocos kil\u00f3metros provocando la muerte de los cinco integrantes de la banda delictiva.<br \/>\nLa ministra de Seguridad y Justicia, Gloria Zalazar, encabez\u00f3 la reuni\u00f3n de la que participaron Cesar Silguero jefe de la secci\u00f3n Homicidios, y Nimio Cardozo, del departamento Antisecuestros, ambos de la Polic\u00eda de Paraguay, adem\u00e1s de funcionarios de la fuerza provincial.<br \/>\nTRASLADO DESDE ENCARNACI\u00d3N PARA COTEJAR ADN<br \/>\nCabe se\u00f1alar que entre las primeras certezas que se conocieron en lo que va de la investigaci\u00f3n, se confirm\u00f3 el jueves que uno de los delincuentes fallecidos tras el siniestro es un ciudadano paraguayo identificado como Abel Vera Quiroga.<br \/>\nAsimismo NORTE pudo saber que ayer Gendarmer\u00eda traslad\u00f3 a una persona desde Encarnaci\u00f3n hacia Villa \u00c1ngela con el objetivo de someterlo a un cotejo de ADN, aunque no se precis\u00f3 si se  trata de un familiar del sujeto ya identificado o guarda relaci\u00f3n con alguno de los otros cuatro fallecidos. \u2018Todos los indicios conducen a que exist\u00eda al menos un ciudadano paraguayo en la  avioneta robada, por lo que la Polic\u00eda Nacional del Paraguay se puso en contacto con la Polic\u00eda del Chaco para ofrecer su colaboraci\u00f3n, al igual que con el fiscal del caso. Con ellos se trabaja de manera frecuente, al igual que con la brasile\u00f1a en todo lo que es la zona de Triple Frontera\u2018, explic\u00f3 Zalazar.<br \/>\nLa funcionaria tambi\u00e9n agreg\u00f3: \u2018Nos pusimos en contacto con el ministro de Seguridad de la Naci\u00f3n, An\u00edbal Fern\u00e1ndez, con quien tambi\u00e9n estamos coordinando acciones, ya que dada las caracter\u00edsticas que se est\u00e1n vislumbrando del hecho esto involucra a dos naciones como m\u00ednimo\u2018.<br \/>\nHUBO CINCO CASOS SIMILARES EN PARAGUAY: \u00bfMISMA BANDA?<br \/>\nEn contacto con la prensa, tras la reuni\u00f3n, el subjefe de la Polic\u00eda del Chaco, David  Vega, dijo que las unidades  especiales que trabajan en el caso \u2018identificaron a una persona involucrada en este hecho y otra en la que ocurri\u00f3 en Navidad\u2018, en relaci\u00f3n al robo en el Aeroclub Chaco. A\u00f1adi\u00f3: \u2018Hemos encontrado elementos que relacionan el caso del robo de la avioneta en la madrugada de Navidad con el ocurrido en Villa \u00c1ngela\u2018.<br \/>\nPor su parte, C\u00e9sar Silguero de la Polic\u00eda de Paraguay, remarc\u00f3 que en su pa\u00eds \u2018en  estos \u00faltimos tiempos hemos tenido varios hechos similares, unos cinco\u2018, y se\u00f1al\u00f3 que la modalidad responde a \u2018una cuesti\u00f3n con que una organizaci\u00f3n criminal busca reducir los costos\u2018 de sus operaciones. Por esta raz\u00f3n, una de las l\u00edneas de investigaci\u00f3n que se siguen intenta determinar si los robos ocurridos en Paraguay est\u00e1n vinculados a los dos  que tuvieron lugar en nuestra provincia.<br \/>\nLA SOMBRA DEL PRIMER COMANDO<br \/>\nTal como anticip\u00f3 NORTE, una de las presunciones que manejan los investigadores es que los integrantes de la banda que actu\u00f3 en ambos robos de aviones en el Chaco fueron miembros de la organizaci\u00f3n brasile\u00f1a Primer Comando de la Capital (PCC). Al respecto cabe indicar que la zona de Bolivia, fronteriza con Brasil, donde se perdi\u00f3 el rastro del avi\u00f3n robado el 25 de diciembre es controlada por este importante grupo criminal especializado, entre otras cosas, en operaciones de narcotr\u00e1fico y tr\u00e1fico de armas y personas.<br \/>\nDiarioNorte.-<\/p>\n","protected":false},"excerpt":{"rendered":"<p>La polic\u00eda del vecino pa\u00eds se sum\u00f3 a la investigaci\u00f3n. Elementos y modalidad vinculan los casos ocurridos. Sigue el proceso de identificaci\u00f3n de los cuerpos de los delincuentes. Autoridades del Ministerio de Seguridad y Justicia recibieron ayer a una delegaci\u00f3n de funcionarios y agentes de la Polic\u00eda Nacional del Paraguay, dando inicio a la colaboraci\u00f3n [&hellip;]<\/p>\n","protected":false},"author":1,"featured_media":18611,"comment_status":"closed","ping_status":"closed","sticky":false,"template":"","format":"standard","meta":{"footnotes":""},"categories":[6],"tags":[197],"class_list":{"0":"post-18610","1":"post","2":"type-post","3":"status-publish","4":"format-standard","5":"has-post-thumbnail","7":"category-chaco","8":"tag-destacada"},"_links":{"self":[{"href":"https:\/\/chacosintesis.com.ar\/index.php\/wp-json\/wp\/v2\/posts\/18610","targetHints":{"allow":["GET"]}}],"collection":[{"href":"https:\/\/chacosintesis.com.ar\/index.php\/wp-json\/wp\/v2\/posts"}],"about":[{"href":"https:\/\/chacosintesis.com.ar\/index.php\/wp-json\/wp\/v2\/types\/post"}],"author":[{"embeddable":true,"href":"https:\/\/chacosintesis.com.ar\/index.php\/wp-json\/wp\/v2\/users\/1"}],"replies":[{"embeddable":true,"href":"https:\/\/chacosintesis.com.ar\/index.php\/wp-json\/wp\/v2\/comments?post=18610"}],"version-history":[{"count":0,"href":"https:\/\/chacosintesis.com.ar\/index.php\/wp-json\/wp\/v2\/posts\/18610\/revisions"}],"wp:featuredmedia":[{"embeddable":true,"href":"https:\/\/chacosintesis.com.ar\/index.php\/wp-json\/wp\/v2\/media\/18611"}],"wp:attachment":[{"href":"https:\/\/chacosintesis.com.ar\/index.php\/wp-json\/wp\/v2\/media?parent=18610"}],"wp:term":[{"taxonomy":"category","embeddable":true,"href":"https:\/\/chacosintesis.com.ar\/index.php\/wp-json\/wp\/v2\/categories?post=18610"},{"taxonomy":"post_tag","embeddable":true,"href":"https:\/\/chacosintesis.com.ar\/index.php\/wp-json\/wp\/v2\/tags?post=18610"}],"curies":[{"name":"wp","href":"https:\/\/api.w.org\/{rel}","templated":true}]}}