{"id":18606,"date":"2023-01-21T09:19:50","date_gmt":"2023-01-21T12:19:50","guid":{"rendered":"https:\/\/chacosintesis.com.ar\/?p=18606"},"modified":"2023-01-21T09:36:56","modified_gmt":"2023-01-21T12:36:56","slug":"la-capital-provincial-del-carnaval-en-cuenta-regresiva-para-una-nueva-edicion-con-mas-de-350-integrantes-en-escena","status":"publish","type":"post","link":"https:\/\/chacosintesis.com.ar\/index.php\/la-capital-provincial-del-carnaval-en-cuenta-regresiva-para-una-nueva-edicion-con-mas-de-350-integrantes-en-escena\/","title":{"rendered":"La Capital Provincial del Carnaval en cuenta regresiva para una nueva edici\u00f3n, con m\u00e1s de 350 integrantes en escena"},"content":{"rendered":"<p>Desde el pr\u00f3ximo 27 y 28 de enero; 3,4, 10 y 11 de febrero las comparsas mayores Yas\u00ed Por\u00e1, Sapucay y las infantiles Yasiporacito y Sapukin, junto a la humor\u00edstcia Choch\u00ed Ber\u00e1 desfilar\u00e1n en el Cors\u00f3dromo de avenida Mitre. Conoc\u00e9 los detalles de la gran fiesta popular y los valores de este a\u00f1o.<br \/>\nGeneral San Mart\u00edn, la Capital Provincial del Carnaval, anunci\u00f3 que la edici\u00f3n de los corsos 2023 comenzar\u00e1 el pr\u00f3ximo 27 y 28 de enero y los d\u00edas 3, 4, 10 y 11 de febrero. Como cada a\u00f1o, las comparsas mayores Yas\u00ed Por\u00e1, Sapucay (ganadora de la edici\u00f3n 2022) y las infantiles Sapukin y Yasiporacito, junto a la comparsa humor\u00edstica Choch\u00ed Ber\u00e1 ser\u00e1n las protagonistas de la gran fiesta popular, que se convirti\u00f3 en referencia provincial y nacional por el despliegue, lujo y alegr\u00eda de cada uno de sus integrantes.<br \/>\nLas Scolas do Samba y las hinchadas de cada comparsa, tambi\u00e9n tomar\u00e1n un rol protag\u00f3nico en cada una de las noches y este a\u00f1o, la competencia se redoblar\u00e1 con nuevos desaf\u00edos y premios a la que, en deliberaciones del jurado, sea la mejor de la edici\u00f3n 2023.<br \/>\nCarina Cristaldo, secretaria de gobierno y una de las coordinadoras de los Carnavales 2023, brind\u00f3 detalles a Agencia FOCO, acerca de los preparativos que realiza la ciudad y el gobierno municipal, para que un a\u00f1o m\u00e1s, la fiesta sea con la mayor accesibilidad posible y un espect\u00e1culo que pueda disfrutarse en familia. \u201cDesde el municipio, acompa\u00f1amos a cada una de las comparsas con un apoyo econ\u00f3mico para lograr una mayor equidad en cada una de las agrupaciones\u201d, asegur\u00f3.<br \/>\nEn relaci\u00f3n a las ventas dentro del cors\u00f3dromo, la organizadora dijo que \u201ctodo lo que se comercialice tendr\u00e1 un precio de techo\u201d. En este sentido, explic\u00f3 que \u201cla marca oficial es la cervecer\u00eda Amstel, para que se pueda hacer una venta mayorista a cada cantinero y de esa forma, mantener un precio accesible. Por ejemplo, el valor de cada lata no va a superar los $350\u201d, coment\u00f3.<br \/>\nComo cada a\u00f1o, la Capital Provincial del Carnaval prepara la presentaci\u00f3n de bandas en vivo quienes, con su alegr\u00eda y trayectoria, aportan al espect\u00e1culo local. \u201cTodos los a\u00f1os traemos una banda reconocida que pueda convocar gente a precios populares. Esto permite que las personas puedan venir a los carnavales y a disfrutar de un show musical de nivel nacional\u201d, adelant\u00f3 la organizadora.<br \/>\nValor de las entradas y tribunas<br \/>\nEl municipio, la Comisi\u00f3n Organizadora de Carnavales y referentes de distintas comparsas, acordaron que los viernes las entradas tendr\u00e1n un valor de $400 por persona y los s\u00e1bados, de $600. \u201cPero, para que se accesible, ingresando antes de las 22, habr\u00e1 una promoci\u00f3n de 2&#215;1 que permitir\u00e1 que ingresen dos personas por el valor de una sola entrada\u201d, explic\u00f3 Carina. Esta posibilidad estar\u00e1 vigente tanto los d\u00edas viernes como los s\u00e1bados.<br \/>\nEn cuanto al acceso a las tribunas populares, el valor antes de las 23 de cada d\u00eda es de $400 y luego, de $500. Adem\u00e1s, se ofrecer\u00e1 la posibilidad de abonar mediante tarjetas de cr\u00e9dito o d\u00e9bito, en el Teatro Griego, Casa de las Culturas, o directamente en el ingreso al cors\u00f3dromo.<br \/>\nTurismo rural y capacidad hotelera en General San Mart\u00edn<br \/>\nEl turismo rural es una actividad que potencia el municipio con aportes del gobierno provincial desde hace varios a\u00f1os, debido a la gran demanda que tiene la ciudad, sobre todo en \u00e9pocas carnestolendas. \u201cVarias caba\u00f1as ya se encuentran al 100 por ciento en su capacidad, as\u00ed que, desde el municipio, seguimos evaluando otras alternativas como hoteles y departamentos. Cada vez nos vamos preparando m\u00e1s, porque esta es la fiesta m\u00e1s grande que tiene San Mart\u00edn\u201d, asegur\u00f3 Cristaldo.<\/p>\n<p>Cronograma y apertura tentativa<br \/>\nLa funcionaria explic\u00f3 que cada noche, cerca de las 21.15 realiza su desfile la primera comparsa infantil y que la \u00faltima comparsa mayor, comienza su desfile cerca de la 1.30 de la ma\u00f1ana. De esta manera, se estima que los desfiles concluyen cerca de las 3, los viernes y a las 4, los s\u00e1bados. En relaci\u00f3n a la cantidad de personas que participan en cada noche, dijo que \u201cestimamos cerca de 350 integrantes, entre menores y mayores\u201d.<br \/>\nPara conocer minuto a minuto las novedades de la Capital Provincial del Carnaval, podes seguir las cuentas oficiales en Instagram de @carnavalesgsm y @sanmartinciudad.<\/p>\n","protected":false},"excerpt":{"rendered":"<p>Desde el pr\u00f3ximo 27 y 28 de enero; 3,4, 10 y 11 de febrero las comparsas mayores Yas\u00ed Por\u00e1, Sapucay y las infantiles Yasiporacito y Sapukin, junto a la humor\u00edstcia Choch\u00ed Ber\u00e1 desfilar\u00e1n en el Cors\u00f3dromo de avenida Mitre. Conoc\u00e9 los detalles de la gran fiesta popular y los valores de este a\u00f1o. General San [&hellip;]<\/p>\n","protected":false},"author":1,"featured_media":18607,"comment_status":"closed","ping_status":"closed","sticky":false,"template":"","format":"standard","meta":{"footnotes":""},"categories":[6],"tags":[],"class_list":{"0":"post-18606","1":"post","2":"type-post","3":"status-publish","4":"format-standard","5":"has-post-thumbnail","7":"category-chaco"},"_links":{"self":[{"href":"https:\/\/chacosintesis.com.ar\/index.php\/wp-json\/wp\/v2\/posts\/18606","targetHints":{"allow":["GET"]}}],"collection":[{"href":"https:\/\/chacosintesis.com.ar\/index.php\/wp-json\/wp\/v2\/posts"}],"about":[{"href":"https:\/\/chacosintesis.com.ar\/index.php\/wp-json\/wp\/v2\/types\/post"}],"author":[{"embeddable":true,"href":"https:\/\/chacosintesis.com.ar\/index.php\/wp-json\/wp\/v2\/users\/1"}],"replies":[{"embeddable":true,"href":"https:\/\/chacosintesis.com.ar\/index.php\/wp-json\/wp\/v2\/comments?post=18606"}],"version-history":[{"count":0,"href":"https:\/\/chacosintesis.com.ar\/index.php\/wp-json\/wp\/v2\/posts\/18606\/revisions"}],"wp:featuredmedia":[{"embeddable":true,"href":"https:\/\/chacosintesis.com.ar\/index.php\/wp-json\/wp\/v2\/media\/18607"}],"wp:attachment":[{"href":"https:\/\/chacosintesis.com.ar\/index.php\/wp-json\/wp\/v2\/media?parent=18606"}],"wp:term":[{"taxonomy":"category","embeddable":true,"href":"https:\/\/chacosintesis.com.ar\/index.php\/wp-json\/wp\/v2\/categories?post=18606"},{"taxonomy":"post_tag","embeddable":true,"href":"https:\/\/chacosintesis.com.ar\/index.php\/wp-json\/wp\/v2\/tags?post=18606"}],"curies":[{"name":"wp","href":"https:\/\/api.w.org\/{rel}","templated":true}]}}