{"id":18600,"date":"2023-01-20T08:32:42","date_gmt":"2023-01-20T11:32:42","guid":{"rendered":"https:\/\/chacosintesis.com.ar\/?p=18600"},"modified":"2023-01-20T08:37:55","modified_gmt":"2023-01-20T11:37:55","slug":"saenz-pena-vecinos-incendiaron-la-vivienda-de-un-presunto-violador","status":"publish","type":"post","link":"https:\/\/chacosintesis.com.ar\/index.php\/saenz-pena-vecinos-incendiaron-la-vivienda-de-un-presunto-violador\/","title":{"rendered":"S\u00e1enz Pe\u00f1a: vecinos incendiaron la vivienda de un presunto violador"},"content":{"rendered":"<p>Incendiaron la vivienda de un presunto abusador en el barrio S\u00e1enz Pe\u00f1a de esta ciudad. El hecho ocurri\u00f3 este jueves por la madrugada tras la denuncia de una mujer quien dijo que su hijo de 13 a\u00f1os habr\u00eda sido abusado por un hombre de 60 a\u00f1os, vecino del lugar.<br \/>\n Fuentes policiales indicaron a NORTE que por resguardo de la identidad de la v\u00edctima, que ser\u00eda un menor de 13 a\u00f1os, muchos datos sobre la identidad del presunto violador no se pudieron dar a conocer. No obstante, fue confirmado el hecho que involucra al supuesto abusador, quien ser\u00eda un vecino del lugar, conocido de la mam\u00e1 del menor damnificado.<br \/>\nAlgunas informaciones dan cuenta que el chico habr\u00eda frecuentado el domicilio del hombre que los vecinos prendieron fuego la casa. Quien viv\u00eda solo en la finca que fue incendiada por vecinos que se mostraron enfurecidos por la supuesta violaci\u00f3n.<br \/>\nAl parecer, las personas que provocaron el fuego se habr\u00edan enterado de la denuncia y con el sindicado detenido en la comisar\u00eda Tercera, acudieron a la casa del hombre para desatar el foco \u00edgneo.<br \/>\nEn tanto, la denuncia por el caso de abuso la radic\u00f3 el pasado martes la madre del chico, quien por orden del Juzgado del Menor, fue revisada por el m\u00e9dico policial. El profesional habr\u00eda confirmado el abuso, hecho que ser\u00eda muy reciente, seg\u00fan indic\u00f3 la fuente consultada por NORTE.<\/p>\n<p>DIARIO NORTE.-<\/p>\n","protected":false},"excerpt":{"rendered":"<p>Incendiaron la vivienda de un presunto abusador en el barrio S\u00e1enz Pe\u00f1a de esta ciudad. El hecho ocurri\u00f3 este jueves por la madrugada tras la denuncia de una mujer quien dijo que su hijo de 13 a\u00f1os habr\u00eda sido abusado por un hombre de 60 a\u00f1os, vecino del lugar. Fuentes policiales indicaron a NORTE que [&hellip;]<\/p>\n","protected":false},"author":1,"featured_media":18601,"comment_status":"closed","ping_status":"closed","sticky":false,"template":"","format":"standard","meta":{"footnotes":""},"categories":[6],"tags":[197],"class_list":{"0":"post-18600","1":"post","2":"type-post","3":"status-publish","4":"format-standard","5":"has-post-thumbnail","7":"category-chaco","8":"tag-destacada"},"_links":{"self":[{"href":"https:\/\/chacosintesis.com.ar\/index.php\/wp-json\/wp\/v2\/posts\/18600","targetHints":{"allow":["GET"]}}],"collection":[{"href":"https:\/\/chacosintesis.com.ar\/index.php\/wp-json\/wp\/v2\/posts"}],"about":[{"href":"https:\/\/chacosintesis.com.ar\/index.php\/wp-json\/wp\/v2\/types\/post"}],"author":[{"embeddable":true,"href":"https:\/\/chacosintesis.com.ar\/index.php\/wp-json\/wp\/v2\/users\/1"}],"replies":[{"embeddable":true,"href":"https:\/\/chacosintesis.com.ar\/index.php\/wp-json\/wp\/v2\/comments?post=18600"}],"version-history":[{"count":0,"href":"https:\/\/chacosintesis.com.ar\/index.php\/wp-json\/wp\/v2\/posts\/18600\/revisions"}],"wp:featuredmedia":[{"embeddable":true,"href":"https:\/\/chacosintesis.com.ar\/index.php\/wp-json\/wp\/v2\/media\/18601"}],"wp:attachment":[{"href":"https:\/\/chacosintesis.com.ar\/index.php\/wp-json\/wp\/v2\/media?parent=18600"}],"wp:term":[{"taxonomy":"category","embeddable":true,"href":"https:\/\/chacosintesis.com.ar\/index.php\/wp-json\/wp\/v2\/categories?post=18600"},{"taxonomy":"post_tag","embeddable":true,"href":"https:\/\/chacosintesis.com.ar\/index.php\/wp-json\/wp\/v2\/tags?post=18600"}],"curies":[{"name":"wp","href":"https:\/\/api.w.org\/{rel}","templated":true}]}}