{"id":18598,"date":"2023-01-20T08:28:53","date_gmt":"2023-01-20T11:28:53","guid":{"rendered":"https:\/\/chacosintesis.com.ar\/?p=18598"},"modified":"2023-01-20T08:37:54","modified_gmt":"2023-01-20T11:37:54","slug":"identificaron-a-uno-de-los-cinco-muertos-tras-el-robo-y-caida-de-la-avioneta-en-villa-angela","status":"publish","type":"post","link":"https:\/\/chacosintesis.com.ar\/index.php\/identificaron-a-uno-de-los-cinco-muertos-tras-el-robo-y-caida-de-la-avioneta-en-villa-angela\/","title":{"rendered":"Identificaron a uno de los cinco muertos tras el robo y ca\u00edda de la avioneta en Villa \u00c1ngela"},"content":{"rendered":"<p>El hombre identificado es de nacionalidad paraguaya, y se estima que el resto tambi\u00e9n provienen del vecino pa\u00eds, seg\u00fan indic\u00f3 el fiscal R\u00edos. En las pr\u00f3ximas horas podr\u00edan identificarse otros dos cuerpos. Destacan colaboraci\u00f3n de la Polic\u00eda del Chaco y de Gendarmer\u00eda Nacional.<\/p>\n<p>El fiscal Sergio R\u00edos \u2013titular de la Fiscal\u00eda N\u00b0 3- y la fiscal Gisela O\u00f1uk, a cargo de la investigaci\u00f3n del robo de la avioneta Cessna 206 y la muerte de cinco ocupantes en Villa \u00c1ngela, confirmaron este jueves la identificaci\u00f3n de uno de los sujetos ocupantes de la aeronave, de sexo masculino y nacionalidad paraguaya, del cual, por el secreto de la investigaci\u00f3n, no dieron expresamente el nombre.<br \/>\nEn declaraciones a FM L\u00e1ser 103.3, R\u00edos explic\u00f3 que los cinco cuerpos fueron inhumados en el cementerio de la ciudad, y que hasta el momento \u201cnadie los ha reclamado\u201d. \u201cLas cinco personas fallecidas, que murieron en el acto en el accidente, eran de sexo masculino y tenemos identificado con nombre y apellido, edad y datos personales a una persona\u201d, revel\u00f3.<br \/>\nEl fiscal habl\u00f3 del arduo trabajo que tiene a cargo su fiscal\u00eda en tiempos de feria judicial: \u201cEstamos trabajando con dos empleados, y por eso llam\u00e9 a la doctora O\u00f1uk que colabora de manera voluntaria con la investigaci\u00f3n\u201d.<\/p>\n<p>R\u00edos destac\u00f3 que estos avances no hubieran sido posibles sin la colaboraci\u00f3n de la Polic\u00eda del Chaco, por lo cual agradeci\u00f3 especialmente al subjefe de la fuerza, David Vega. \u201cTrajeron todos los equipos t\u00e9cnicos y pudimos chequear toda la informaci\u00f3n\u201d, ponder\u00f3. A la vez valor\u00f3 la colaboraci\u00f3n de Gendarmer\u00eda Nacional, y agradeci\u00f3 al jefe del Batall\u00f3n 8, Enzo Duarte.<br \/>\n\u201cLa Divisi\u00f3n de Investigaciones Complejas de la Polic\u00eda del Chaco ha hecho un trabajo enorme, que me permite aventurar sin temor a excederme que, como resultado de la investigaci\u00f3n, vamos a tener a una o dos m\u00e1s personas identificadas en las pr\u00f3ximas horas\u201d, adelant\u00f3.<br \/>\nEl fiscal record\u00f3 que la investigaci\u00f3n tiene confirmado el robo de la avioneta, y que a bordo de la misma iban cinco personas que, al precipitarse a tierra, fallecieron calcinadas. \u201cIndicios nos indican que las cinco personas ser\u00edan de nacionalidad paraguaya. Desconocemos el motivo de para qu\u00e9 ser\u00eda utilizado el avi\u00f3n\u201d, marc\u00f3 finalmente.<\/p>\n<p>El hecho<\/p>\n<p>El hecho ocurri\u00f3 a las 2:05 de la madrugada del mi\u00e9rcoles 18 de enero en Villa \u00c1ngela. A las 2:08, el servicio de emergencias 911 recibi\u00f3 el llamado de un pe\u00f3n de campo que denunci\u00f3 la ca\u00edda y posterior incendio de la avioneta en un campo cercano. Seg\u00fan el relato del pe\u00f3n, confirmado por el fiscal, el avi\u00f3n se estrell\u00f3 a escasos metros de ellos, explot\u00f3 y se prendi\u00f3 fuego. Desde el hangar hasta que se estrell\u00f3, el avi\u00f3n solo hizo 13 kil\u00f3metros.<br \/>\nEntre los elementos hallados en el lugar donde se encontraron partes de la avioneta se cuentan armas 9 mm y billetes en moneda guaran\u00ed.<br \/>\nLa avioneta era propiedad de un poblador de Villa \u00c1ngela, de apellido Mart\u00edn, y el fiscal R\u00edos confirm\u00f3 que es del mismo modelo, Cessna 206, que la avioneta que fue robada en el Aero Club de Resistencia, semanas atr\u00e1s. El campo en el que ocurri\u00f3 el accidente es propiedad de la defensora oficial Cecilia Carauni, que est\u00e1 ubicado a tres kil\u00f3metros de la ruta.<\/p>\n","protected":false},"excerpt":{"rendered":"<p>El hombre identificado es de nacionalidad paraguaya, y se estima que el resto tambi\u00e9n provienen del vecino pa\u00eds, seg\u00fan indic\u00f3 el fiscal R\u00edos. En las pr\u00f3ximas horas podr\u00edan identificarse otros dos cuerpos. Destacan colaboraci\u00f3n de la Polic\u00eda del Chaco y de Gendarmer\u00eda Nacional. El fiscal Sergio R\u00edos \u2013titular de la Fiscal\u00eda N\u00b0 3- y la [&hellip;]<\/p>\n","protected":false},"author":1,"featured_media":18599,"comment_status":"closed","ping_status":"closed","sticky":false,"template":"","format":"standard","meta":{"footnotes":""},"categories":[6],"tags":[],"class_list":{"0":"post-18598","1":"post","2":"type-post","3":"status-publish","4":"format-standard","5":"has-post-thumbnail","7":"category-chaco"},"_links":{"self":[{"href":"https:\/\/chacosintesis.com.ar\/index.php\/wp-json\/wp\/v2\/posts\/18598","targetHints":{"allow":["GET"]}}],"collection":[{"href":"https:\/\/chacosintesis.com.ar\/index.php\/wp-json\/wp\/v2\/posts"}],"about":[{"href":"https:\/\/chacosintesis.com.ar\/index.php\/wp-json\/wp\/v2\/types\/post"}],"author":[{"embeddable":true,"href":"https:\/\/chacosintesis.com.ar\/index.php\/wp-json\/wp\/v2\/users\/1"}],"replies":[{"embeddable":true,"href":"https:\/\/chacosintesis.com.ar\/index.php\/wp-json\/wp\/v2\/comments?post=18598"}],"version-history":[{"count":0,"href":"https:\/\/chacosintesis.com.ar\/index.php\/wp-json\/wp\/v2\/posts\/18598\/revisions"}],"wp:featuredmedia":[{"embeddable":true,"href":"https:\/\/chacosintesis.com.ar\/index.php\/wp-json\/wp\/v2\/media\/18599"}],"wp:attachment":[{"href":"https:\/\/chacosintesis.com.ar\/index.php\/wp-json\/wp\/v2\/media?parent=18598"}],"wp:term":[{"taxonomy":"category","embeddable":true,"href":"https:\/\/chacosintesis.com.ar\/index.php\/wp-json\/wp\/v2\/categories?post=18598"},{"taxonomy":"post_tag","embeddable":true,"href":"https:\/\/chacosintesis.com.ar\/index.php\/wp-json\/wp\/v2\/tags?post=18598"}],"curies":[{"name":"wp","href":"https:\/\/api.w.org\/{rel}","templated":true}]}}