{"id":18577,"date":"2023-01-19T00:18:44","date_gmt":"2023-01-19T03:18:44","guid":{"rendered":"https:\/\/chacosintesis.com.ar\/?p=18577"},"modified":"2023-01-19T00:36:59","modified_gmt":"2023-01-19T03:36:59","slug":"dos-regiones-chaquenas-en-alerta-por-temperaturas-extremas","status":"publish","type":"post","link":"https:\/\/chacosintesis.com.ar\/index.php\/dos-regiones-chaquenas-en-alerta-por-temperaturas-extremas\/","title":{"rendered":"Dos regiones chaque\u00f1as en alerta por temperaturas extremas"},"content":{"rendered":"<p>El Servicio Meteorol\u00f3gico Nacional emiti\u00f3 un alerta por temperaturas extremas en varias regiones del pa\u00eds, con vigencia hasta este jueves 19 de enero. En el Chaco, est\u00e1n incluidos el noroeste provincial y el este.<\/p>\n<p>Un evento de temperaturas extremas es un per\u00edodo en el que se espera que se registren valores de temperatura m\u00e1xima y m\u00ednima que pueden poner en peligro la salud de las personas.<br \/>\nAs\u00ed, en la regi\u00f3n chaque\u00f1a, estar\u00e1n afectados los departamentos General G\u00fcemes y Almirante Brown, y en el este los departamentos San Fernando, con cabecera en la capital provincial, Bermejo, Libertad, 1\u00b0 de Mayo y General Donovan.<br \/>\nEl alerta amarillo se extiende a partes de las provincias de Salta, Formosa, Misiones, Santa Fe, C\u00f3rdoba, Entre R\u00edos, Buenos Aires, extremos oeste de Mendoza, Neuqu\u00e9n y Chubut, adem\u00e1s de toda la provincia de Corrientes.<br \/>\nEn tanto, est\u00e1 vigente un alerta naranja para el centro-norte de Salta. En este caso, las temperaturas extremas pueden ser muy peligrosas, especialmente para los grupos de riesgo.<br \/>\nPara el Gran Resistencia se pronostican, este jueves, una temperatura m\u00ednima de 25\u00b0C y una m\u00e1xima de 39\u00b0C, con cielo parcial a algo nublado durante el d\u00eda, y una probabilidad de tormentas aisladas durante la tarde.<\/p>\n<p>Recomendaciones para el cuidado de la salud<\/p>\n<p>Las recomendaciones para este tipo de eventos son indicadas por el Ministerio de Salud. A continuaci\u00f3n algunas de ellas:<br \/>\n-Aumentar el consumo de agua sin esperar a tener sed para mantener una hidrataci\u00f3n adecuada.<br \/>\n-No exponerse al sol en exceso, ni en horas centrales del d\u00eda (entre las 10 y las 16 horas).<br \/>\n-Prestar atenci\u00f3n a los beb\u00e9s, ni\u00f1os y ni\u00f1as y a las personas mayores.<br \/>\n-Evitar las bebidas con cafe\u00edna, con alcohol o muy azucaradas.<br \/>\n-Evitar comidas muy abundantes.<br \/>\n-Ingerir verduras y frutas.<br \/>\n-Reducir la actividad f\u00edsica.<br \/>\n-Usar ropa ligera, holgada y de colores claros; sombrero, anteojos oscuros.<br \/>\n-Permanecer en espacios ventilados o acondicionados.<br \/>\n-Recordar que no existe un tratamiento farmacol\u00f3gico contra el golpe de calor y s\u00f3lo los m\u00e9todos cl\u00e1sicos, citados arriba, pueden prevenirlo y contrarrestarlo.<br \/>\nAnte sed intensa y sequedad en la boca, temperatura mayor a 39\u00ba C, sudoraci\u00f3n excesiva, sensaci\u00f3n de calor sofocante, piel seca, agotamiento, mareos o desmayo, dolores de est\u00f3mago, falta de apetito, n\u00e1useas o v\u00f3mitos, dolores de cabeza, entre otros, se deber\u00e1 actuar de la siguiente manera:<br \/>\n&#8211; Solicitar de inmediato asistencia m\u00e9dica.<br \/>\n&#8211; Trasladar a la persona afectada a la sombra, a un lugar fresco y tranquilo.<br \/>\n&#8211; Intentar refrescarla, mojarle la ropa y darle de beber agua fresca.<\/p>\n","protected":false},"excerpt":{"rendered":"<p>El Servicio Meteorol\u00f3gico Nacional emiti\u00f3 un alerta por temperaturas extremas en varias regiones del pa\u00eds, con vigencia hasta este jueves 19 de enero. En el Chaco, est\u00e1n incluidos el noroeste provincial y el este. Un evento de temperaturas extremas es un per\u00edodo en el que se espera que se registren valores de temperatura m\u00e1xima y [&hellip;]<\/p>\n","protected":false},"author":1,"featured_media":18578,"comment_status":"closed","ping_status":"closed","sticky":false,"template":"","format":"standard","meta":{"footnotes":""},"categories":[6],"tags":[],"class_list":{"0":"post-18577","1":"post","2":"type-post","3":"status-publish","4":"format-standard","5":"has-post-thumbnail","7":"category-chaco"},"_links":{"self":[{"href":"https:\/\/chacosintesis.com.ar\/index.php\/wp-json\/wp\/v2\/posts\/18577","targetHints":{"allow":["GET"]}}],"collection":[{"href":"https:\/\/chacosintesis.com.ar\/index.php\/wp-json\/wp\/v2\/posts"}],"about":[{"href":"https:\/\/chacosintesis.com.ar\/index.php\/wp-json\/wp\/v2\/types\/post"}],"author":[{"embeddable":true,"href":"https:\/\/chacosintesis.com.ar\/index.php\/wp-json\/wp\/v2\/users\/1"}],"replies":[{"embeddable":true,"href":"https:\/\/chacosintesis.com.ar\/index.php\/wp-json\/wp\/v2\/comments?post=18577"}],"version-history":[{"count":0,"href":"https:\/\/chacosintesis.com.ar\/index.php\/wp-json\/wp\/v2\/posts\/18577\/revisions"}],"wp:featuredmedia":[{"embeddable":true,"href":"https:\/\/chacosintesis.com.ar\/index.php\/wp-json\/wp\/v2\/media\/18578"}],"wp:attachment":[{"href":"https:\/\/chacosintesis.com.ar\/index.php\/wp-json\/wp\/v2\/media?parent=18577"}],"wp:term":[{"taxonomy":"category","embeddable":true,"href":"https:\/\/chacosintesis.com.ar\/index.php\/wp-json\/wp\/v2\/categories?post=18577"},{"taxonomy":"post_tag","embeddable":true,"href":"https:\/\/chacosintesis.com.ar\/index.php\/wp-json\/wp\/v2\/tags?post=18577"}],"curies":[{"name":"wp","href":"https:\/\/api.w.org\/{rel}","templated":true}]}}