{"id":18575,"date":"2023-01-18T18:20:56","date_gmt":"2023-01-18T21:20:56","guid":{"rendered":"https:\/\/chacosintesis.com.ar\/?p=18575"},"modified":"2023-01-18T18:38:41","modified_gmt":"2023-01-18T21:38:41","slug":"diputados-ucr-necesitan-engrasar-la-maquina-de-hacer-pobres","status":"publish","type":"post","link":"https:\/\/chacosintesis.com.ar\/index.php\/diputados-ucr-necesitan-engrasar-la-maquina-de-hacer-pobres\/","title":{"rendered":"Diputados UCR: &#8220;Necesitan engrasar la m\u00e1quina de hacer pobres&#8221;"},"content":{"rendered":"<p>Diputados del interbloque de la UCR del Chaco dieron a conocer un comunicado en el cual expresan su posici\u00f3n respecto del pedido realizado por el gobernador Jorge Capitanich al presidente de la Naci\u00f3n Alberto Fern\u00e1ndez para que, mediante decreto de necesidad y urgencia (DNU), se ampl\u00ede el n\u00famero de miembros de la Corte Suprema de Justicia y modifique el Consejo de la Magistratura de la Naci\u00f3n.<\/p>\n<p> \u201cNo nos sorprende, de la misma manera que en el Chaco instruy\u00f3 a sus legisladores para suspender las elecciones PASO e implementar las listas colectoras atropellando, violando leyes, el reglamento interno de la C\u00e1mara de Diputados y lo establecido en la Constituci\u00f3n, Capitanich pide que se utilice un DNU para ampliar el n\u00famero de integrantes de la Corte Suprema de Justicia de la Naci\u00f3n y se modifique el Consejo de la Magistratura\u201d<\/p>\n<p> \u201cDetr\u00e1s de este pedido hay un \u00fanico objetivo: la impunidad para los funcionarios kirchneristas sentenciados y procesados por haber malversado el dinero que hoy falta para sacar a millones de argentinos de la pobreza, garantizar el acceso a servicios de calidad, recomponer salarios y jubilaciones, fortalecer la salud, la educaci\u00f3n y la seguridad, acompa\u00f1ar a quien trabaja, produce y genera empleo y tantas situaciones sin resolver\u201d<\/p>\n<p> \u00bfPor qu\u00e9 Capitanich no le pide al presidente de la Naci\u00f3n que termine el segundo acueducto de manera que quienes no tienen agua potable puedan acceder a ese servicio esencial y quienes cuentan con agua de red dejen de recibir \u201cbarrolatada\u201d?<\/p>\n<p> \u00bfPorqu\u00e9 Capitanich no le pide al presidente tarifas diferenciales de energ\u00eda de verdad y no el mamarracho que ha anunciado? Hoy un usuario del Chaco paga 400% m\u00e1s caro el costo del kilowat que un usuario de Buenos Aires.<\/p>\n<p> \u00bfPor qu\u00e9 no le pide al presidente pol\u00edticas diferenciales para la radicaci\u00f3n de nuevas industrias y pymes y favorecer la expansi\u00f3n y crecimiento de las existentes de manera de generar empleo como herramienta para dar batalla a la pobreza?<\/p>\n<p> \u00bfPorqu\u00e9 no le pide al presidente generar las oportunidades que necesitan las nuevas generaciones que hoy ven como \u00fanica posibilidad de concretar sus proyectos irse del pa\u00eds?<\/p>\n<p> La respuesta es sencilla, porque nunca les import\u00f3 el Chaco ni los chaque\u00f1os, solo les interesa perpetuarse en el poder para seguir saqueando, y para ello necesitan engrasar la m\u00e1quina de hacer pobres, cuantos m\u00e1s argentinos dependen de la limosna oficial mas grande es la base de sustentaci\u00f3n de este plan macabro que nos est\u00e1 llevando a un abismo sin retorno.<\/p>\n<p> Por todo esto es que urge un cambio en el Chaco y en el pa\u00eds, no debemos resignarnos a vivir la vida que ellos tienen planeada para nosotros, hay que tener la voluntad de recuperar la esperanza de poder concretar nuestros propios sue\u00f1os, podemos hacerlo, tenemos la fuerza y los mejores equipos, mujeres y hombres dispuestos a dar todo por un Chaco mejor, pero no alcanza, necesitamos que cada chaque\u00f1o que tenga nuestro mismo prop\u00f3sito nos acompa\u00f1e en este dif\u00edcil desaf\u00edo.<\/p>\n","protected":false},"excerpt":{"rendered":"<p>Diputados del interbloque de la UCR del Chaco dieron a conocer un comunicado en el cual expresan su posici\u00f3n respecto del pedido realizado por el gobernador Jorge Capitanich al presidente de la Naci\u00f3n Alberto Fern\u00e1ndez para que, mediante decreto de necesidad y urgencia (DNU), se ampl\u00ede el n\u00famero de miembros de la Corte Suprema de [&hellip;]<\/p>\n","protected":false},"author":1,"featured_media":18576,"comment_status":"closed","ping_status":"closed","sticky":false,"template":"","format":"standard","meta":{"footnotes":""},"categories":[6],"tags":[],"class_list":{"0":"post-18575","1":"post","2":"type-post","3":"status-publish","4":"format-standard","5":"has-post-thumbnail","7":"category-chaco"},"_links":{"self":[{"href":"https:\/\/chacosintesis.com.ar\/index.php\/wp-json\/wp\/v2\/posts\/18575","targetHints":{"allow":["GET"]}}],"collection":[{"href":"https:\/\/chacosintesis.com.ar\/index.php\/wp-json\/wp\/v2\/posts"}],"about":[{"href":"https:\/\/chacosintesis.com.ar\/index.php\/wp-json\/wp\/v2\/types\/post"}],"author":[{"embeddable":true,"href":"https:\/\/chacosintesis.com.ar\/index.php\/wp-json\/wp\/v2\/users\/1"}],"replies":[{"embeddable":true,"href":"https:\/\/chacosintesis.com.ar\/index.php\/wp-json\/wp\/v2\/comments?post=18575"}],"version-history":[{"count":0,"href":"https:\/\/chacosintesis.com.ar\/index.php\/wp-json\/wp\/v2\/posts\/18575\/revisions"}],"wp:featuredmedia":[{"embeddable":true,"href":"https:\/\/chacosintesis.com.ar\/index.php\/wp-json\/wp\/v2\/media\/18576"}],"wp:attachment":[{"href":"https:\/\/chacosintesis.com.ar\/index.php\/wp-json\/wp\/v2\/media?parent=18575"}],"wp:term":[{"taxonomy":"category","embeddable":true,"href":"https:\/\/chacosintesis.com.ar\/index.php\/wp-json\/wp\/v2\/categories?post=18575"},{"taxonomy":"post_tag","embeddable":true,"href":"https:\/\/chacosintesis.com.ar\/index.php\/wp-json\/wp\/v2\/tags?post=18575"}],"curies":[{"name":"wp","href":"https:\/\/api.w.org\/{rel}","templated":true}]}}