{"id":18565,"date":"2023-01-18T08:17:13","date_gmt":"2023-01-18T11:17:13","guid":{"rendered":"https:\/\/chacosintesis.com.ar\/?p=18565"},"modified":"2023-01-18T08:19:23","modified_gmt":"2023-01-18T11:19:23","slug":"villa-angela-se-estrello-una-avioneta-robado-del-aeroclub-murieron-4-personas","status":"publish","type":"post","link":"https:\/\/chacosintesis.com.ar\/index.php\/villa-angela-se-estrello-una-avioneta-robado-del-aeroclub-murieron-4-personas\/","title":{"rendered":"Villa \u00c1ngela: Se estrell\u00f3 una avioneta robada del Aeroclub, murieron 4 personas"},"content":{"rendered":"<p>Los cuerpos hasta el momento no fueron identificados. El accidente ocurri\u00f3 en Lote 11 a 5 kil\u00f3metros del casco urbano. Se pudo determinar que la nave habr\u00eda sido sustra\u00edda desde el hangar del Aero Club local.<br \/>\nHoy por la madrugada, cuatro personas habr\u00edan fallecido al precipitarse la avioneta en la que viajaban. La misma habr\u00eda sido sustra\u00edda desde un hangar.<br \/>\nAlrededor de las 2:00, efectivos de la comisar\u00eda Primera  de Villa \u00c1ngela, fueron alertados que en Lote 11 distante a unos 5 kil\u00f3metros del casco urbano, habr\u00eda ca\u00eddo una avioneta.<br \/>\nDe inmediato fueron al lugar, donde constataron lo informado. En el lugar, observaron los cuerpos de cuatro personas, las cuales se encontraban sin vida.<br \/>\nAsimismo solicitaron la presencia del personal de bomberos, quienes una vez en el lugar, procedieron a la extinci\u00f3n del fuego.<br \/>\nLuego de averiguaciones realizadas, se supo que la avioneta marca Cessna habr\u00eda sido sustra\u00edda desde el hangar del Aero Club local. Tom\u00f3 intervenci\u00f3n la fiscal\u00eda en turno.<\/p>\n","protected":false},"excerpt":{"rendered":"<p>Los cuerpos hasta el momento no fueron identificados. El accidente ocurri\u00f3 en Lote 11 a 5 kil\u00f3metros del casco urbano. Se pudo determinar que la nave habr\u00eda sido sustra\u00edda desde el hangar del Aero Club local. Hoy por la madrugada, cuatro personas habr\u00edan fallecido al precipitarse la avioneta en la que viajaban. La misma habr\u00eda [&hellip;]<\/p>\n","protected":false},"author":1,"featured_media":18566,"comment_status":"closed","ping_status":"closed","sticky":false,"template":"","format":"standard","meta":{"footnotes":""},"categories":[6],"tags":[197],"class_list":{"0":"post-18565","1":"post","2":"type-post","3":"status-publish","4":"format-standard","5":"has-post-thumbnail","7":"category-chaco","8":"tag-destacada"},"_links":{"self":[{"href":"https:\/\/chacosintesis.com.ar\/index.php\/wp-json\/wp\/v2\/posts\/18565","targetHints":{"allow":["GET"]}}],"collection":[{"href":"https:\/\/chacosintesis.com.ar\/index.php\/wp-json\/wp\/v2\/posts"}],"about":[{"href":"https:\/\/chacosintesis.com.ar\/index.php\/wp-json\/wp\/v2\/types\/post"}],"author":[{"embeddable":true,"href":"https:\/\/chacosintesis.com.ar\/index.php\/wp-json\/wp\/v2\/users\/1"}],"replies":[{"embeddable":true,"href":"https:\/\/chacosintesis.com.ar\/index.php\/wp-json\/wp\/v2\/comments?post=18565"}],"version-history":[{"count":0,"href":"https:\/\/chacosintesis.com.ar\/index.php\/wp-json\/wp\/v2\/posts\/18565\/revisions"}],"wp:featuredmedia":[{"embeddable":true,"href":"https:\/\/chacosintesis.com.ar\/index.php\/wp-json\/wp\/v2\/media\/18566"}],"wp:attachment":[{"href":"https:\/\/chacosintesis.com.ar\/index.php\/wp-json\/wp\/v2\/media?parent=18565"}],"wp:term":[{"taxonomy":"category","embeddable":true,"href":"https:\/\/chacosintesis.com.ar\/index.php\/wp-json\/wp\/v2\/categories?post=18565"},{"taxonomy":"post_tag","embeddable":true,"href":"https:\/\/chacosintesis.com.ar\/index.php\/wp-json\/wp\/v2\/tags?post=18565"}],"curies":[{"name":"wp","href":"https:\/\/api.w.org\/{rel}","templated":true}]}}