{"id":18531,"date":"2023-01-17T00:10:32","date_gmt":"2023-01-17T03:10:32","guid":{"rendered":"https:\/\/chacosintesis.com.ar\/?p=18531"},"modified":"2023-01-17T00:36:39","modified_gmt":"2023-01-17T03:36:39","slug":"crece-el-rio-parana-y-genera-alivio-en-la-region","status":"publish","type":"post","link":"https:\/\/chacosintesis.com.ar\/index.php\/crece-el-rio-parana-y-genera-alivio-en-la-region\/","title":{"rendered":"Crece el r\u00edo Paran\u00e1 y genera alivio en la regi\u00f3n"},"content":{"rendered":"<p>El r\u00edo Paran\u00e1 registr\u00f3 este lunes 16 en el Puerto de Barranqueras una altura de 1,59 metros. Seg\u00fan la Administraci\u00f3n Provincial del Agua (APA), el caudal de este importante curso de agua seguir\u00e1 creciendo en los pr\u00f3ximos d\u00edas, alentado fundamentalmente por la apertura de las compuertas de la represa Itaip\u00fa a partir de las grandes lluvias registradas en Brasil. En tanto, en Corrientes la altura alcanz\u00f3 hoy el metro con 48 cent\u00edmetros; mientras que en la alta cuenca la tendencia tambi\u00e9n es de creciente, se agrega desde el organismo provincial.<br \/>\nEsta situaci\u00f3n es por dem\u00e1s halag\u00fce\u00f1a, teniendo en cuenta que la semana pasada teniendo en cuenta que el pasado 11 de enero la altura del Paran\u00e1 en esta parte del pa\u00eds se situ\u00f3 en los 52 cent\u00edmetros. Incluso, las previsiones de especialistas no eran las mejores, ya que aseguraban que su nivel no sobrepasar\u00eda el metro con 20 cent\u00edmetros. As\u00ed, a cinco d\u00edas de aquella medici\u00f3n creci\u00f3 m\u00e1s de un metro, con lo que mejora su navegabilidad y propicia las distintas actividades que se realizan con un caudal m\u00e1s importante.<\/p>\n<p>El ingeniero en Recursos H\u00eddricos, Hugo Rohrmann explic\u00f3 a la Agencia FOCO que el Paran\u00e1 en Barranqueras \u201cpuede tener esas peque\u00f1as oscilaciones\u201d, respecto a la altura en Corrientes. Fue m\u00e1s all\u00e1 y asegur\u00f3 que esta situaci\u00f3n depende de los aportes de los r\u00edos chaque\u00f1os Negro y Tragadero que desaguan 500 metros aguas arriba de la toma vieja de Sameep y \u201cdiferencias de 10 cent\u00edmetros es muy poco\u201d. \u201cDos d\u00edas seguir\u00e1 alrededor de 1,50 metros y despu\u00e9s subir\u00e1 hasta los 2 metros, aproximadamente; ya que Yacyret\u00e1 aument\u00f3 hoy (por el lunes 16) por la apertura de compuertas en Itaip\u00fa\u201d, concluy\u00f3 el extitular de la APA.<\/p>\n","protected":false},"excerpt":{"rendered":"<p>El r\u00edo Paran\u00e1 registr\u00f3 este lunes 16 en el Puerto de Barranqueras una altura de 1,59 metros. Seg\u00fan la Administraci\u00f3n Provincial del Agua (APA), el caudal de este importante curso de agua seguir\u00e1 creciendo en los pr\u00f3ximos d\u00edas, alentado fundamentalmente por la apertura de las compuertas de la represa Itaip\u00fa a partir de las grandes [&hellip;]<\/p>\n","protected":false},"author":1,"featured_media":18532,"comment_status":"closed","ping_status":"closed","sticky":false,"template":"","format":"standard","meta":{"footnotes":""},"categories":[6],"tags":[],"class_list":{"0":"post-18531","1":"post","2":"type-post","3":"status-publish","4":"format-standard","5":"has-post-thumbnail","7":"category-chaco"},"_links":{"self":[{"href":"https:\/\/chacosintesis.com.ar\/index.php\/wp-json\/wp\/v2\/posts\/18531","targetHints":{"allow":["GET"]}}],"collection":[{"href":"https:\/\/chacosintesis.com.ar\/index.php\/wp-json\/wp\/v2\/posts"}],"about":[{"href":"https:\/\/chacosintesis.com.ar\/index.php\/wp-json\/wp\/v2\/types\/post"}],"author":[{"embeddable":true,"href":"https:\/\/chacosintesis.com.ar\/index.php\/wp-json\/wp\/v2\/users\/1"}],"replies":[{"embeddable":true,"href":"https:\/\/chacosintesis.com.ar\/index.php\/wp-json\/wp\/v2\/comments?post=18531"}],"version-history":[{"count":0,"href":"https:\/\/chacosintesis.com.ar\/index.php\/wp-json\/wp\/v2\/posts\/18531\/revisions"}],"wp:featuredmedia":[{"embeddable":true,"href":"https:\/\/chacosintesis.com.ar\/index.php\/wp-json\/wp\/v2\/media\/18532"}],"wp:attachment":[{"href":"https:\/\/chacosintesis.com.ar\/index.php\/wp-json\/wp\/v2\/media?parent=18531"}],"wp:term":[{"taxonomy":"category","embeddable":true,"href":"https:\/\/chacosintesis.com.ar\/index.php\/wp-json\/wp\/v2\/categories?post=18531"},{"taxonomy":"post_tag","embeddable":true,"href":"https:\/\/chacosintesis.com.ar\/index.php\/wp-json\/wp\/v2\/tags?post=18531"}],"curies":[{"name":"wp","href":"https:\/\/api.w.org\/{rel}","templated":true}]}}