{"id":18529,"date":"2023-01-17T00:03:16","date_gmt":"2023-01-17T03:03:16","guid":{"rendered":"https:\/\/chacosintesis.com.ar\/?p=18529"},"modified":"2023-01-17T00:06:40","modified_gmt":"2023-01-17T03:06:40","slug":"emergencia-agropecuaria-provincial-las-medidas-y-sus-alcances","status":"publish","type":"post","link":"https:\/\/chacosintesis.com.ar\/index.php\/emergencia-agropecuaria-provincial-las-medidas-y-sus-alcances\/","title":{"rendered":"Emergencia agropecuaria provincial: las medidas y sus alcances"},"content":{"rendered":"<p>Este lunes, desde el Ministerio de Producci\u00f3n, Industria y Empleo, se explic\u00f3 cada uno de los cinco grandes aspectos que contempla la reciente declaraci\u00f3n de emergencia en el \u00e1mbito del Chaco.<\/p>\n<p>El gobierno provincial, a trav\u00e9s del Ministerio de Producci\u00f3n, Industria y Empleo, detall\u00f3 este lunes los alcances y en qu\u00e9 consiste la emergencia productiva declarada recientemente en el Chaco como disposici\u00f3n excepcional para paliar los efectos de la hist\u00f3rica sequ\u00eda que golpea a gran parte del pa\u00eds.<br \/>\nEste instrumento, normado en el decreto 76\/2023 firmado por el gobernador Jorge Capitanich, fue implementado en base al an\u00e1lisis de una serie de indicadores t\u00e9cnicos provistos por distintas \u00e1reas oficiales en t\u00e9rminos de d\u00e9ficit h\u00eddrico, elevadas temperaturas y su proyecci\u00f3n a los pr\u00f3ximos meses, y la bajante del r\u00edo Paran\u00e1.<br \/>\nLa declaraci\u00f3n rige para las actividades ganadera y agr\u00edcola en la totalidad del territorio de la Provincia del Chaco y tendr\u00e1 vigencia por el t\u00e9rmino de 180 d\u00edas, plazo que podr\u00e1 ser objeto de pr\u00f3rroga sujeto a las evaluaciones e informes t\u00e9cnicos que formule la Comisi\u00f3n Provincial que se aboca al tema. La emergencia agropecuaria, que en este caso no es solamente productiva sino tambi\u00e9n h\u00eddrica e \u00edgnea para el territorio provincial, se desprende de la Ley Nacional 26.509 y el decreto reglamentario 1712\/09.<br \/>\nAdicionalmente, el gobierno anunci\u00f3 el desembolso de 500 millones de pesos para perforaciones, acarreo de agua y contrataci\u00f3n de equipos para garantizar el suministro; al tiempo que se puso en marcha un sistema de emergencia para prevenir e intervenir en focos \u00edgneos detectados y aplicar un programa de regulaci\u00f3n de pesca compatible con la evoluci\u00f3n de la altura del r\u00edo.<\/p>\n<p>Los cinco principales aspectos que contempla la emergencia declarada:<br \/>\nEste lunes desde el Ministerio de Producci\u00f3n, Industria y Empleo se explic\u00f3 cada uno de los cinco grandes aspectos que contempla la reciente declaraci\u00f3n de emergencia en el \u00e1mbito del Chaco.<br \/>\nEn primer lugar, y de acuerdo con lo estipulado en la Ley 26.509, se prorroga el vencimiento del pago de impuestos que graven el patrimonio, capitales o ganancias de las explotaciones afectadas cuando esto recaiga en el mismo per\u00edodo en el que est\u00e9 vigente el estado de emergencia, hasta el ejercicio siguiente a su finalizaci\u00f3n.<br \/>\nEn segundo punto, la AFIP (Administraci\u00f3n Federal de Ingresos P\u00fablicos) suspender\u00e1 la iniciaci\u00f3n de juicios de ejecuci\u00f3n fiscal para el cobro de impuestos adeudados hasta el per\u00edodo siguiente a la finalizaci\u00f3n del per\u00edodo de emergencia o desastre. En caso de que ya estuviera iniciado, deber\u00e1 paralizarse hasta que expire el lapso por el cual se decret\u00f3 la emergencia o desastre.<br \/>\nEn tercer lugar, cuando se produzcan ventas forzosas de hacienda bovina, ovina, caprina o porcina podr\u00e1 deducirse en el balance impositivo del impuesto a las ganancias, el 100% de los beneficios derivados de tales ventas. Esta deducci\u00f3n se computar\u00e1 en los ejercicios fiscales en que las ventas hubieran tenido lugar, se detall\u00f3 oficialmente.<br \/>\nEl cuarto punto indica que la Afip tambi\u00e9n podr\u00e1 establecer la exenci\u00f3n total o parcial del pago del impuesto a los Bienes Personales sobre los bienes ubicados en las explotaciones agropecuarias sobre los inmuebles rurales arrendados si se encuentran en zona de desastre. Al mismo tiempo, el organismo podr\u00e1 determinar la exenci\u00f3n de otros tributos como Ganancias, el componente impositivo del Monotributo y las contribuciones a la Seguridad Social.<br \/>\nFinalmente, y como quinto aspecto, en el caso de ser monotributistas, los productores que est\u00e9n inscriptos en el r\u00e9gimen simplificado gozar\u00e1n de la pr\u00f3rroga del pago del componente impositivo y una reducci\u00f3n del 50% si est\u00e1 englobado en el estado de emergencia y del 75% si se trata de zona de desastre.<\/p>\n","protected":false},"excerpt":{"rendered":"<p>Este lunes, desde el Ministerio de Producci\u00f3n, Industria y Empleo, se explic\u00f3 cada uno de los cinco grandes aspectos que contempla la reciente declaraci\u00f3n de emergencia en el \u00e1mbito del Chaco. El gobierno provincial, a trav\u00e9s del Ministerio de Producci\u00f3n, Industria y Empleo, detall\u00f3 este lunes los alcances y en qu\u00e9 consiste la emergencia productiva [&hellip;]<\/p>\n","protected":false},"author":1,"featured_media":18530,"comment_status":"closed","ping_status":"closed","sticky":false,"template":"","format":"standard","meta":{"footnotes":""},"categories":[6],"tags":[],"class_list":{"0":"post-18529","1":"post","2":"type-post","3":"status-publish","4":"format-standard","5":"has-post-thumbnail","7":"category-chaco"},"_links":{"self":[{"href":"https:\/\/chacosintesis.com.ar\/index.php\/wp-json\/wp\/v2\/posts\/18529","targetHints":{"allow":["GET"]}}],"collection":[{"href":"https:\/\/chacosintesis.com.ar\/index.php\/wp-json\/wp\/v2\/posts"}],"about":[{"href":"https:\/\/chacosintesis.com.ar\/index.php\/wp-json\/wp\/v2\/types\/post"}],"author":[{"embeddable":true,"href":"https:\/\/chacosintesis.com.ar\/index.php\/wp-json\/wp\/v2\/users\/1"}],"replies":[{"embeddable":true,"href":"https:\/\/chacosintesis.com.ar\/index.php\/wp-json\/wp\/v2\/comments?post=18529"}],"version-history":[{"count":0,"href":"https:\/\/chacosintesis.com.ar\/index.php\/wp-json\/wp\/v2\/posts\/18529\/revisions"}],"wp:featuredmedia":[{"embeddable":true,"href":"https:\/\/chacosintesis.com.ar\/index.php\/wp-json\/wp\/v2\/media\/18530"}],"wp:attachment":[{"href":"https:\/\/chacosintesis.com.ar\/index.php\/wp-json\/wp\/v2\/media?parent=18529"}],"wp:term":[{"taxonomy":"category","embeddable":true,"href":"https:\/\/chacosintesis.com.ar\/index.php\/wp-json\/wp\/v2\/categories?post=18529"},{"taxonomy":"post_tag","embeddable":true,"href":"https:\/\/chacosintesis.com.ar\/index.php\/wp-json\/wp\/v2\/tags?post=18529"}],"curies":[{"name":"wp","href":"https:\/\/api.w.org\/{rel}","templated":true}]}}