{"id":18501,"date":"2023-01-14T10:37:45","date_gmt":"2023-01-14T13:37:45","guid":{"rendered":"https:\/\/chacosintesis.com.ar\/?p=18501"},"modified":"2023-01-14T11:06:51","modified_gmt":"2023-01-14T14:06:51","slug":"pre-cosquin-la-delegacion-de-la-capital-partio-hacia-cordoba","status":"publish","type":"post","link":"https:\/\/chacosintesis.com.ar\/index.php\/pre-cosquin-la-delegacion-de-la-capital-partio-hacia-cordoba\/","title":{"rendered":"Pre Cosqu\u00edn: la delegaci\u00f3n de la capital parti\u00f3 hacia C\u00f3rdoba"},"content":{"rendered":"<p>Los artistas competir\u00e1n en diez rubros del certamen. Luego de doce a\u00f1os, la sede resistencia fue reactivada en 2017.<\/p>\n<p>La comitiva que representar\u00e1 a la sede Resistencia emprendi\u00f3 viaje rumbo a Cosqu\u00edn para competir en la antesala del Festival Nacional de Folclore m\u00e1s importante del pa\u00eds. Con el apoyo de la gesti\u00f3n municipal competir\u00e1n el 13 y 14 de enero en diez rubros de dicho certamen.<br \/>\nDe ganar, pasar\u00e1n a las finales a desarrollarse el 17 y 18 del mismo mes. Luego de estar inactiva por doce a\u00f1os, la sede Resistencia fue reactivada en 2017 por la Presidencia del Concejo Municipal, entonces a cargo del actual intendente Gustavo Mart\u00ednez.<br \/>\n Los ganadores de esta sede tienen el acompa\u00f1amiento total del Municipio, siendo la \u00fanica con esa caracter\u00edstica.<br \/>\nEn lo que respecta a las categor\u00edas musicales, Andr\u00e9s Zitto Segovia y Sof\u00eda Casafus competir\u00e1n en solista vocal; el D\u00fao Karap\u00e9 lo har\u00e1 en d\u00fao vocal; \u2018Curuz\u00fa de mi madre\u2018 ir\u00e1 en la categor\u00eda tema in\u00e9dito y ser\u00e1 interpretado por An\u00edbal Ricardo Bulacio y Ramiro Carlos Bulacio; Rodrigo Vera estar\u00e1 en Solista Instrumental; y el grupo Trinar en conjunto vocal.<br \/>\nDe los cuatro rubros referidos al baile, Javier Romero y Celeste Pared de Barranqueras competir\u00e1n en Pareja Tradicional, \u2018El capataz estudio de malambo\u2018 de Salta har\u00e1 lo propio en Conjunto de Malambo, Juan Sebasti\u00e1n Fern\u00e1ndez de Resistencia ir\u00e1 en Solista Malambo, y el Ballet Bagual Fuentes de Fontana en Conjunto Folcl\u00f3rico Ballet.<br \/>\nEXPECTATIVA<br \/>\nEl actual presidente del Concejo Municipal, Agust\u00edn Romero, sostuvo que \u2018siempre es positivo apoyar a la cultura de Resistencia para nuestro arte se pueda difundir en todo el territorio nacional\u2018. Adem\u00e1s, el funcionario remarc\u00f3 que \u2018el respaldo a los artistas es una pol\u00edtica de Estado de parte de esta gesti\u00f3n&#8221;<br \/>\n&#8220;Desde hace siete a\u00f1os venimos trabajando de manera ininterrumpida para tener representantes en el festival m\u00e1s ic\u00f3nico del pa\u00eds\u2018, cerr\u00f3.<\/p>\n<p>DIARIO NORTE.-<\/p>\n","protected":false},"excerpt":{"rendered":"<p>Los artistas competir\u00e1n en diez rubros del certamen. Luego de doce a\u00f1os, la sede resistencia fue reactivada en 2017. La comitiva que representar\u00e1 a la sede Resistencia emprendi\u00f3 viaje rumbo a Cosqu\u00edn para competir en la antesala del Festival Nacional de Folclore m\u00e1s importante del pa\u00eds. Con el apoyo de la gesti\u00f3n municipal competir\u00e1n el [&hellip;]<\/p>\n","protected":false},"author":1,"featured_media":18502,"comment_status":"closed","ping_status":"closed","sticky":false,"template":"","format":"standard","meta":{"footnotes":""},"categories":[6],"tags":[],"class_list":{"0":"post-18501","1":"post","2":"type-post","3":"status-publish","4":"format-standard","5":"has-post-thumbnail","7":"category-chaco"},"_links":{"self":[{"href":"https:\/\/chacosintesis.com.ar\/index.php\/wp-json\/wp\/v2\/posts\/18501","targetHints":{"allow":["GET"]}}],"collection":[{"href":"https:\/\/chacosintesis.com.ar\/index.php\/wp-json\/wp\/v2\/posts"}],"about":[{"href":"https:\/\/chacosintesis.com.ar\/index.php\/wp-json\/wp\/v2\/types\/post"}],"author":[{"embeddable":true,"href":"https:\/\/chacosintesis.com.ar\/index.php\/wp-json\/wp\/v2\/users\/1"}],"replies":[{"embeddable":true,"href":"https:\/\/chacosintesis.com.ar\/index.php\/wp-json\/wp\/v2\/comments?post=18501"}],"version-history":[{"count":0,"href":"https:\/\/chacosintesis.com.ar\/index.php\/wp-json\/wp\/v2\/posts\/18501\/revisions"}],"wp:featuredmedia":[{"embeddable":true,"href":"https:\/\/chacosintesis.com.ar\/index.php\/wp-json\/wp\/v2\/media\/18502"}],"wp:attachment":[{"href":"https:\/\/chacosintesis.com.ar\/index.php\/wp-json\/wp\/v2\/media?parent=18501"}],"wp:term":[{"taxonomy":"category","embeddable":true,"href":"https:\/\/chacosintesis.com.ar\/index.php\/wp-json\/wp\/v2\/categories?post=18501"},{"taxonomy":"post_tag","embeddable":true,"href":"https:\/\/chacosintesis.com.ar\/index.php\/wp-json\/wp\/v2\/tags?post=18501"}],"curies":[{"name":"wp","href":"https:\/\/api.w.org\/{rel}","templated":true}]}}