{"id":18487,"date":"2023-01-13T21:27:51","date_gmt":"2023-01-14T00:27:51","guid":{"rendered":"https:\/\/chacosintesis.com.ar\/?p=18487"},"modified":"2023-01-13T21:37:53","modified_gmt":"2023-01-14T00:37:53","slug":"desarrollo-social-asistio-a-familias-afectadas-por-el-temporal-de-lluvias-y-vientos","status":"publish","type":"post","link":"https:\/\/chacosintesis.com.ar\/index.php\/desarrollo-social-asistio-a-familias-afectadas-por-el-temporal-de-lluvias-y-vientos\/","title":{"rendered":"Desarrollo Social asisti\u00f3 a familias afectadas por el temporal de lluvias y vientos"},"content":{"rendered":"<p>Se distribuyeron elementos de primera necesidad poco despu\u00e9s que bajara la intensidad del fen\u00f3meno meteorol\u00f3gico y este viernes contin\u00faa el monitoreo y las recorridas por zonas afectadas para el relevamiento de familias.<\/p>\n<p>El Ministerio de Desarrollo Social en conjunto con la Direcci\u00f3n de Defensa Civil encara desde la tarde de este jueves apenas concluy\u00f3 la parte m\u00e1s intensa del temporal de lluvias y vientos, operativos de contenci\u00f3n para acercar a familias que fueron afectadas en sus viviendas elementos de primera necesidad.<br \/>\nLa ministra Mar\u00eda P\u00eda Chiacchio Cavana detall\u00f3 que se trabaj\u00f3 en conjunto con municipios del interior que reportaron el estado de situaci\u00f3n de sus comunidades y que como es habitual en estos casos se atendieron las urgencias planteadas provocadas por una voladura de un techo o  la ca\u00edda de un \u00e1rbol que provoc\u00f3 da\u00f1os en los inmuebles y afectaron los bienes de esa familia.<br \/>\n\u201cSe trabaja en paralelo con toda la estructura del Gobierno, para que en caso de recibir demandas que son estrictamente de esa cartera canalizar de manera r\u00e1pida\u201d, explic\u00f3 la funcionaria y puso como ejemplo reclamos por falta de conexi\u00f3n el\u00e9ctrica o da\u00f1os en inmuebles.<br \/>\n\u201cHasta entrada la ma\u00f1ana se contabilizaron 77 familias en situaci\u00f3n de vulnerabilidad que precisaron asistencia por inconvenientes en sus viviendas\u201d, agreg\u00f3 y entre las localidades que se concentraron los operativos est\u00e1n Resistencia, Barranqueras, Puerto Vilelas, Gancedo y Pampa Almir\u00f3n, entre otras.<br \/>\nA esa cifra, Chiacchio Cavana se\u00f1al\u00f3 que se suma lo proporcionado como ayuda de urgencia a unas 250 familias de barrios perif\u00e9ricos a quienes se les entregaron ropas, elementos de limpieza y colchones.<br \/>\nFinalmente, indic\u00f3 que durante este viernes las recorridas continuar\u00e1n por los barrios populares para monitorear la situaci\u00f3n de familias afectadas y atender en aquellos casos que surjan nuevas demandas.<\/p>\n","protected":false},"excerpt":{"rendered":"<p>Se distribuyeron elementos de primera necesidad poco despu\u00e9s que bajara la intensidad del fen\u00f3meno meteorol\u00f3gico y este viernes contin\u00faa el monitoreo y las recorridas por zonas afectadas para el relevamiento de familias. El Ministerio de Desarrollo Social en conjunto con la Direcci\u00f3n de Defensa Civil encara desde la tarde de este jueves apenas concluy\u00f3 la [&hellip;]<\/p>\n","protected":false},"author":1,"featured_media":18488,"comment_status":"closed","ping_status":"closed","sticky":false,"template":"","format":"standard","meta":{"footnotes":""},"categories":[6],"tags":[],"class_list":{"0":"post-18487","1":"post","2":"type-post","3":"status-publish","4":"format-standard","5":"has-post-thumbnail","7":"category-chaco"},"_links":{"self":[{"href":"https:\/\/chacosintesis.com.ar\/index.php\/wp-json\/wp\/v2\/posts\/18487","targetHints":{"allow":["GET"]}}],"collection":[{"href":"https:\/\/chacosintesis.com.ar\/index.php\/wp-json\/wp\/v2\/posts"}],"about":[{"href":"https:\/\/chacosintesis.com.ar\/index.php\/wp-json\/wp\/v2\/types\/post"}],"author":[{"embeddable":true,"href":"https:\/\/chacosintesis.com.ar\/index.php\/wp-json\/wp\/v2\/users\/1"}],"replies":[{"embeddable":true,"href":"https:\/\/chacosintesis.com.ar\/index.php\/wp-json\/wp\/v2\/comments?post=18487"}],"version-history":[{"count":0,"href":"https:\/\/chacosintesis.com.ar\/index.php\/wp-json\/wp\/v2\/posts\/18487\/revisions"}],"wp:featuredmedia":[{"embeddable":true,"href":"https:\/\/chacosintesis.com.ar\/index.php\/wp-json\/wp\/v2\/media\/18488"}],"wp:attachment":[{"href":"https:\/\/chacosintesis.com.ar\/index.php\/wp-json\/wp\/v2\/media?parent=18487"}],"wp:term":[{"taxonomy":"category","embeddable":true,"href":"https:\/\/chacosintesis.com.ar\/index.php\/wp-json\/wp\/v2\/categories?post=18487"},{"taxonomy":"post_tag","embeddable":true,"href":"https:\/\/chacosintesis.com.ar\/index.php\/wp-json\/wp\/v2\/tags?post=18487"}],"curies":[{"name":"wp","href":"https:\/\/api.w.org\/{rel}","templated":true}]}}