{"id":18462,"date":"2023-01-13T12:33:43","date_gmt":"2023-01-13T15:33:43","guid":{"rendered":"https:\/\/chacosintesis.com.ar\/?p=18462"},"modified":"2023-01-13T12:36:47","modified_gmt":"2023-01-13T15:36:47","slug":"juan-carlos-polini-se-refirio-a-la-situacion-del-agua-potable-en-la-provincia","status":"publish","type":"post","link":"https:\/\/chacosintesis.com.ar\/index.php\/juan-carlos-polini-se-refirio-a-la-situacion-del-agua-potable-en-la-provincia\/","title":{"rendered":"Juan Carlos Polini se refiri\u00f3 a la situaci\u00f3n del agua potable en la provincia"},"content":{"rendered":"<p>Las fotograf\u00edas y videos que circulan en redes sociales, y que fueron reproducidas por medios de comunicaci\u00f3n locales y nacionales, muestran un l\u00edquido marr\u00f3n chocolate saliendo de las canillas. Sin embargo, y sin ponerse colorados, desde la empresa SAMEEP afirman que \u201c\u2026es consecuencia de la intervenci\u00f3n que se realiz\u00f3 para habilitar un nuevo ingreso del segundo acueducto a la cisterna y el incremento del caudal transportado por el ducto, gener\u00f3 que se removiera el sedimento que tiene el ca\u00f1o\u2026\u201d  Esta, y cualquier otra excusa que el gobernador Capitanich y sus funcionarios pretendan presentar como justificativo, no son m\u00e1s que una sarta de mentiras.<br \/>\nSAMEEP est\u00e1 entregando agua no apta para su consumo, situaci\u00f3n extremadamente grave si tenemos en cuenta que la turbidez suele estar acompa\u00f1ada de la presencia de agentes pat\u00f3genos que no son neutralizados con el uso de cloro.  Y no podemos soslayar el perjuicio econ\u00f3mico que esta situaci\u00f3n genera en la econom\u00eda familiar y de los comercios que deben comprar agua envasada, generando a su vez una situaci\u00f3n de extrema desigualdad para quienes no disponen de los recursos necesarios.<br \/>\nEs imposible comprender como se puede especular con un derecho humano como es el acceso a agua potable. Desde aquella \u201cFiesta del agua\u201d realizada por el gobernador Capitanich en Charata en el a\u00f1o 2009 cuando lanzaba la licitaci\u00f3n del Segundo Acueducto y anunciaba que en 2015 estar\u00eda finalizado,  hasta verlo llorar al inaugurar una canilla en esa misma ciudad en la campa\u00f1a electoral del a\u00f1o 2021. Estamos en el a\u00f1o 2023 y ni noticias del segundo acueducto, ni de la planta potabilizadora que lo abastecer\u00e1, solo contamos con el viejo acueducto inaugurado en los a\u00f1os 80.<br \/>\nContar con agua en cantidad suficiente y calidad adecuada es condici\u00f3n indispensable para el desarrollo humano y de nuestra econom\u00eda. Los seres humanos necesitamos agua para mantenernos vivos, la necesitan los productores para el \u00e9xito de sus cosechas, la necesitan los comercios y las industrias para sus procesos; hablar de agua es hablar de vida, crecimiento y bienestar.<br \/>\nSi los chaque\u00f1os me dan la oportunidad de gobernar el Chaco deben saber que tendr\u00e1n a su servicio una persona de bien, que todo lo que he conseguido en la vida ha sido con esfuerzo y trabajo; un ciudadano que llevar\u00e1 adelante un gobierno transparente, estableciendo prioridades, con orden y respeto por los derechos y libertades. No est\u00e1 en mi esencia jugar con la esperanza y los sue\u00f1os de las personas, no prometo lo que no voy a cumplir.<br \/>\nEn mi gobierno los chaque\u00f1os tendr\u00e1n servicio de agua y luz de calidad pagando menos. Es posible, no hay ning\u00fan misterio, solamente hay que administrar con responsabilidad y austeridad el dinero de los usuarios de manera que sea destinado a realizar las inversiones necesarias para una mejor prestaci\u00f3n.<br \/>\nPodemos hacer que sucedan cosas buenas para el Chaco y para los chaque\u00f1os, nos debemos la oportunidad.<br \/>\n (*) Precandidato a gobernador del Chaco<\/p>\n","protected":false},"excerpt":{"rendered":"<p>Las fotograf\u00edas y videos que circulan en redes sociales, y que fueron reproducidas por medios de comunicaci\u00f3n locales y nacionales, muestran un l\u00edquido marr\u00f3n chocolate saliendo de las canillas. Sin embargo, y sin ponerse colorados, desde la empresa SAMEEP afirman que \u201c\u2026es consecuencia de la intervenci\u00f3n que se realiz\u00f3 para habilitar un nuevo ingreso del [&hellip;]<\/p>\n","protected":false},"author":1,"featured_media":18463,"comment_status":"closed","ping_status":"closed","sticky":false,"template":"","format":"standard","meta":{"footnotes":""},"categories":[6],"tags":[],"class_list":{"0":"post-18462","1":"post","2":"type-post","3":"status-publish","4":"format-standard","5":"has-post-thumbnail","7":"category-chaco"},"_links":{"self":[{"href":"https:\/\/chacosintesis.com.ar\/index.php\/wp-json\/wp\/v2\/posts\/18462","targetHints":{"allow":["GET"]}}],"collection":[{"href":"https:\/\/chacosintesis.com.ar\/index.php\/wp-json\/wp\/v2\/posts"}],"about":[{"href":"https:\/\/chacosintesis.com.ar\/index.php\/wp-json\/wp\/v2\/types\/post"}],"author":[{"embeddable":true,"href":"https:\/\/chacosintesis.com.ar\/index.php\/wp-json\/wp\/v2\/users\/1"}],"replies":[{"embeddable":true,"href":"https:\/\/chacosintesis.com.ar\/index.php\/wp-json\/wp\/v2\/comments?post=18462"}],"version-history":[{"count":0,"href":"https:\/\/chacosintesis.com.ar\/index.php\/wp-json\/wp\/v2\/posts\/18462\/revisions"}],"wp:featuredmedia":[{"embeddable":true,"href":"https:\/\/chacosintesis.com.ar\/index.php\/wp-json\/wp\/v2\/media\/18463"}],"wp:attachment":[{"href":"https:\/\/chacosintesis.com.ar\/index.php\/wp-json\/wp\/v2\/media?parent=18462"}],"wp:term":[{"taxonomy":"category","embeddable":true,"href":"https:\/\/chacosintesis.com.ar\/index.php\/wp-json\/wp\/v2\/categories?post=18462"},{"taxonomy":"post_tag","embeddable":true,"href":"https:\/\/chacosintesis.com.ar\/index.php\/wp-json\/wp\/v2\/tags?post=18462"}],"curies":[{"name":"wp","href":"https:\/\/api.w.org\/{rel}","templated":true}]}}