{"id":18437,"date":"2023-01-12T11:38:20","date_gmt":"2023-01-12T14:38:20","guid":{"rendered":"https:\/\/chacosintesis.com.ar\/?p=18437"},"modified":"2023-01-12T11:45:12","modified_gmt":"2023-01-12T14:45:12","slug":"en-capitan-solari-20-familias-accedieron-a-la-casa-propia","status":"publish","type":"post","link":"https:\/\/chacosintesis.com.ar\/index.php\/en-capitan-solari-20-familias-accedieron-a-la-casa-propia\/","title":{"rendered":"En Capit\u00e1n Solari, 20 familias accedieron a la casa propia"},"content":{"rendered":"<p>Son 20 soluciones habitacionales cuyas construcciones fueron reactivadas en 2022 tras varios a\u00f1os de estar paralizadas. Con una inversi\u00f3n superior a los107 millones de pesos, la obra se ejecut\u00f3 a trav\u00e9s del programa Fondo Provincial de Viviendas (FOPROVI). \u201cEn tres gestiones constitucionales terminaremos y entregaremos 75.000 viviendas\u201d, se\u00f1al\u00f3 Capitanich.<\/p>\n<p>En Capit\u00e1n Solari, el gobernador Jorge Capitanich, junto al intendente Guillermo Areco, y el presidente del Instituto de Desarrollo Urbano y Vivienda (IPDUV), Diego Ar\u00e9valo, entregaron 20 viviendas destinadas a familias de la localidad. Son casas cuya construcci\u00f3n estuvo paralizada durante varios a\u00f1os y que fueron reactivadas en 2022 a trav\u00e9s del programa Fondo Provincial de EViviendas (FOPROVI), con una inversi\u00f3n superior a los 107 millones de pesos.<br \/>\n\u201cNo hay alegr\u00eda m\u00e1s grande para un gobernante que poder estrechar un abrazo c\u00e1lido, profundo y cordial con una familia que recibe las llaves de su nueva vivienda que le transforma su vida para siempre\u201d, expres\u00f3 Capitanich durante la entrega.<br \/>\n\u201cLa construcci\u00f3n de una casa es la garant\u00eda del ejercicio de 2 derechos: el del trabajo digno y el de la vivienda digna. Permite que peque\u00f1as y medianas empresas, cooperativas y organizaciones sociales tengan trabajo\u201d, destac\u00f3 el gobernador.<br \/>\nCon una inversi\u00f3n del Gobierno provincial de $107.073.926,64, la obra se ejecut\u00f3 a trav\u00e9s del Programa Fondo Provincial de Viviendas (FOPROVI) y con mano de obra local.<br \/>\nCada vivienda consta de tres dormitorios, una biblioteca, instalaci\u00f3n sanitaria (con sus respectivos artefactos), instalaci\u00f3n el\u00e9ctrica y de agua (fr\u00eda, caliente y tanque de reserva). Se realizaron trabajos de carpinter\u00eda, colocaci\u00f3n de pisos y z\u00f3calos, cielorrasos, revestimientos sobre mesada en la cocina y lavadero, entre otros.<br \/>\nJunto a cada vivienda \u201centregamos un kit de libros para estimular las capacidades y el desarrollo de los ni\u00f1os y ni\u00f1as de cada familia y porque implica un compromiso con la educaci\u00f3n y la lectura. La plantaci\u00f3n de un \u00e1rbol por cada vivienda entregada adem\u00e1s para promover la sostenibilidad ambiental\u201d, agreg\u00f3 Capitanich.<br \/>\nCabe destacar que la obra se inici\u00f3 en agosto de 2013 y tuvo tres meses de avance, con un m\u00e1s de un 60% de progreso, pero en 2014, se paraliz\u00f3. Luego, la obra se reactiv\u00f3 en marzo de 2022, donde se realizaron trabajos de limpieza en el predio y de las viviendas que all\u00ed estaban implantadas (ya que esta obra fue de complemento y terminaci\u00f3n de viviendas) y de esta forma, se inici\u00f3 la obra propiamente dicha.<br \/>\nEn este contexto, trabajando en la construcci\u00f3n de m\u00e1s viviendas dignas para las familias chaque\u00f1as, Capitanich remarc\u00f3 que desde el Gobierno Provincial \u201cestamos convencidos que lo que estamos haciendo es garantizar crecimiento de la provincia, impulsando la generaci\u00f3n de empleo genuino en base al trabajo y mejor calidad de vida para nuestras comunidades\u201d, asegur\u00f3.<br \/>\n\u201cEn tres gestiones constitucionales terminaremos 75.000 soluciones habitacionales, significa que 75000 familias accedieron o van a acceder a una vivienda\u201d, finaliz\u00f3.<\/p>\n<p>El agradecimiento del intendente al Gobierno provincial<\/p>\n<p>El intendente Guillermo Areco destac\u00f3 que estas obras se reactivaron gracias a las gestiones del Gobierno Provincial, \u201cque tom\u00f3 la posta, se comprometi\u00f3 e hizo que 20 familias tengan un techo digno. Es una realidad, tienen su casa propia\u201d dijo.<br \/>\n\u201cEsta obra que gener\u00f3 crecimiento, desarrollo, es algo emocionante y muy importante\u201d, dijo Areco y en esa l\u00ednea, se refiri\u00f3 a m\u00faltiples obras que se est\u00e1n ejecutando, entre ellas, m\u00e1s viviendas, pavimento urbano, el polideportivo, porque son \u201cobras dignas de destacar\u201d, manifest\u00f3.<br \/>\nA su turno, el presidente del IPDUV, Diego Ar\u00e9valo, se\u00f1al\u00f3 que \u201cse ha hecho un enorme esfuerzo, con recursos provinciales, para poder terminar estas 20 viviendas que hoy tienen 20 familias que van a ser dignas adjudicatarias\u201d. Asimismo manifest\u00f3 que \u201cquienes llegan a la casa hoy tienen el esfuerzo de muchas chaque\u00f1as y chaque\u00f1os\u201d e inst\u00f3 a cumplir con la cuota social \u201cpara llegar a m\u00e1s vecinos de otras localidades que nos faltan darles el techo y la dignidad de la casa\u201d, finaliz\u00f3.<br \/>\nParticiparon de la entrega los vocales del IPDUV, Mirko Nicolich y Mariano Brahim; el presidente de Secheep, Gast\u00f3n Blanquet; funcionarios municipales y vecinos y vecinas.<br \/>\nLa felicidad de las familias beneficiarias<br \/>\n Marcelino y Mirtha fueron unas de las familias beneficiadas y agradeci\u00f3, emocionado, la \u201cposibilidad de tener nuestra vivienda\u201d dijo Marcelino. \u201cNo pude dormir de la emoci\u00f3n, estoy muy feliz porque esta inversi\u00f3n y estas gestiones no se vieron nunca aqu\u00ed en Solari\u201d expres\u00f3.<br \/>\nOtro de los beneficiados fue Marcelo Miranda, quien tambi\u00e9n se mostr\u00f3 emocionado por la posibilidad de que \u201cmi familia y yo podamos tener nuestro techo propio\u201d y sobre esto, agradeci\u00f3 al Gobierno Provincial \u201cpor darme la oportunidad de cumplir un sue\u00f1o\u201d finaliz\u00f3.<\/p>\n","protected":false},"excerpt":{"rendered":"<p>Son 20 soluciones habitacionales cuyas construcciones fueron reactivadas en 2022 tras varios a\u00f1os de estar paralizadas. Con una inversi\u00f3n superior a los107 millones de pesos, la obra se ejecut\u00f3 a trav\u00e9s del programa Fondo Provincial de Viviendas (FOPROVI). \u201cEn tres gestiones constitucionales terminaremos y entregaremos 75.000 viviendas\u201d, se\u00f1al\u00f3 Capitanich. En Capit\u00e1n Solari, el gobernador Jorge [&hellip;]<\/p>\n","protected":false},"author":1,"featured_media":18438,"comment_status":"closed","ping_status":"closed","sticky":false,"template":"","format":"standard","meta":{"footnotes":""},"categories":[6],"tags":[],"class_list":{"0":"post-18437","1":"post","2":"type-post","3":"status-publish","4":"format-standard","5":"has-post-thumbnail","7":"category-chaco"},"_links":{"self":[{"href":"https:\/\/chacosintesis.com.ar\/index.php\/wp-json\/wp\/v2\/posts\/18437","targetHints":{"allow":["GET"]}}],"collection":[{"href":"https:\/\/chacosintesis.com.ar\/index.php\/wp-json\/wp\/v2\/posts"}],"about":[{"href":"https:\/\/chacosintesis.com.ar\/index.php\/wp-json\/wp\/v2\/types\/post"}],"author":[{"embeddable":true,"href":"https:\/\/chacosintesis.com.ar\/index.php\/wp-json\/wp\/v2\/users\/1"}],"replies":[{"embeddable":true,"href":"https:\/\/chacosintesis.com.ar\/index.php\/wp-json\/wp\/v2\/comments?post=18437"}],"version-history":[{"count":0,"href":"https:\/\/chacosintesis.com.ar\/index.php\/wp-json\/wp\/v2\/posts\/18437\/revisions"}],"wp:featuredmedia":[{"embeddable":true,"href":"https:\/\/chacosintesis.com.ar\/index.php\/wp-json\/wp\/v2\/media\/18438"}],"wp:attachment":[{"href":"https:\/\/chacosintesis.com.ar\/index.php\/wp-json\/wp\/v2\/media?parent=18437"}],"wp:term":[{"taxonomy":"category","embeddable":true,"href":"https:\/\/chacosintesis.com.ar\/index.php\/wp-json\/wp\/v2\/categories?post=18437"},{"taxonomy":"post_tag","embeddable":true,"href":"https:\/\/chacosintesis.com.ar\/index.php\/wp-json\/wp\/v2\/tags?post=18437"}],"curies":[{"name":"wp","href":"https:\/\/api.w.org\/{rel}","templated":true}]}}