{"id":18430,"date":"2023-01-11T17:33:07","date_gmt":"2023-01-11T20:33:07","guid":{"rendered":"https:\/\/chacosintesis.com.ar\/?p=18430"},"modified":"2023-01-11T17:37:10","modified_gmt":"2023-01-11T20:37:10","slug":"capitanich-estamos-trabajando-ante-la-emergencia-que-es-productiva-ignea-e-hidrica","status":"publish","type":"post","link":"https:\/\/chacosintesis.com.ar\/index.php\/capitanich-estamos-trabajando-ante-la-emergencia-que-es-productiva-ignea-e-hidrica\/","title":{"rendered":"Capitanich: &#8220;Estamos trabajando ante la emergencia que es productiva, \u00edgnea e h\u00eddrica&#8221;"},"content":{"rendered":"<p>El gobernador de la provincia destac\u00f3 el aporte del Estado provincial para atender las necesidades de los distintos sectores ante la sequ\u00eda y las altas temperaturas. Asegur\u00f3 que en las pr\u00f3ximas horas firmar\u00e1 los instrumentos para ampliar la emergencia en el sector rural y ambiental por los incendios y la falta de agua. &#8220;Vemos que nos insultan por redes sociales algunas personas que no tienen ni idea de la situaci\u00f3n de la provincia y a ellos se suman dirigentes que no conocen el Chaco&#8221;, plante\u00f3.<\/p>\n<p>El gobernador Jorge Capitanich se refiri\u00f3 al complejo escenario ambiental que atraviesa la provincia, basado en la sequ\u00eda, las temperaturas extremas y el bajo caudal de los r\u00edos. As\u00ed, consider\u00f3 que se trata de una emergencia productiva -que &#8220;afecta a la agricultura y a la ganader\u00eda&#8221;-; \u00edgnea -&#8220;en virtud de la expansi\u00f3n de la detecci\u00f3n de focos de incendio&#8221;- e h\u00eddrica -&#8220;para la provisi\u00f3n de agua para consumo humano como si tambi\u00e9n para consumo productivo, principalmente de animales&#8221;-.<\/p>\n<p>Tras encarar distintas reuniones con la entidades del sector agropecuario como con los distintos organismos provinciales vinculados a los sectores en crisis, como la Administraci\u00f3n Provincial del Agua y la empresa Sameep, el mandatario chaque\u00f1o detall\u00f3 que en distintas departamentos, regiones y zonas productivas &#8220;el d\u00e9ficit h\u00eddrico ha sido en promedio 35% menos&#8221;, teniendo en cuenta el r\u00e9gimen de lluvia y el acumulado en m\u00e1s de tres a\u00f1os. &#8220;Eso significa una afecci\u00f3n en el perfil de suelo, lo que genera un impacto en la agricultura, pero tambi\u00e9n en la ganader\u00eda porque lo que estamos observando es que  las perforaciones son insuficientes o el agua que sale es de mala calidad y eso afecta el nivel de producci\u00f3n del l\u00edquido para el ganado&#8221;, traz\u00f3 en di\u00e1logo con radio Provincia.<\/p>\n<p>Algunas acciones realizadas<br \/>\nEl gobernador asegur\u00f3 que -a pesar de todas las dificultades-, la Provincia no ha dejado de implementar distintas acciones,  en conjunto con los Municipios, para afrontar estas crisis. &#8220;Con el transporte de agua por medio de Municipios y organizaciones sociales, llevamos recorridos 207.616 km con 316,332 metros c\u00fabicos de agua transportada eso significa casi 316 millones de litros para una poblaci\u00f3n asistida equivalente a 115.577 habitantes por 21,5 millones de pesos&#8221;, resumi\u00f3.<\/p>\n<p> Tambi\u00e9n apunt\u00f3 que con los camiones de la APA se han transportado y recorrido 75.701 kil\u00f3metros, con el equivalente a 171.691 metros c\u00fabicos de agua transportada para satisfacer a 51.352 habitantes. &#8220;Si sumamos todos los convenios, el equipo propio efectivamente tenemos 283.317 kil\u00f3metros recorridos con 488,023 metros c\u00fabicos de agua; o sea, 488 millones de litros que ha permitido asistir a 166.929 personas&#8221;, asegur\u00f3.<\/p>\n<p> Cuestionamientos de la oposici\u00f3n<br \/>\nEl primer mandatario provincial hizo un p\u00e1rrafo aparte para referirse a las cr\u00edticas que lo tienen como blanco, fundamentalmente en la prensa radicada en Capital Federal, luego de que el gobernador se erigiera como una de las voces m\u00e1s f\u00e9rreas en la defensa del federalismo; sumado a dirigentes de la oposici\u00f3n y usuarios de redes sociales que se pliegan a las campa\u00f1as de desprestigio. &#8220;Insultan en las redes sociales y dicen cualquier cosa: no alcanzan a dimensionar que ac\u00e1 hab\u00eda 144.000 conexiones en toda la provincia y ya este a\u00f1o vamos a estar en m\u00e1s de 400.000 conexiones; la verdad esto es algo extraordinario&#8221;, explic\u00f3.<\/p>\n<p>Capitanich record\u00f3 los avances en materia de provisi\u00f3n de agua registrados, desde el 2007, por ejemplo en Castelli, Fort\u00edn Lavalle, El Espinillo y Misi\u00f3n Nueva Pompeya; s\u00f3lo por citar algunos ejemplos. &#8220;No quiero imaginarme lo que ser\u00eda esta emergencia de tres a\u00f1os y medio en aquellas condiciones, pero a un porte\u00f1o no le entra en la cabeza, no puede visualizar el problema; entonces se sientan y en las redes dicen cualquier barbaridad&#8221;, dijo y a\u00f1adi\u00f3: &#8220;No conocen la provincia, ni ellos ni los dirigentes de la oposici\u00f3n que se pliegan a ese tipo de campa\u00f1as; mientras ellos critican, nosotros trabajamos&#8221;.<\/p>\n<p> Medidas para el sector ganadero<br \/>\nEn cuanto a la conversaciones con los productores ganaderos, el gobernador indic\u00f3 que se plantearon temas como la venta forzosa de hacienda, que &#8220;est\u00e1 regulada en la Ley de Emergencia; el pago anticipado de ganancia, y algunas cuestiones a resolver con el Senasa, por ejemplo la trazabilidad y la venta fuera de jurisdicci\u00f3n&#8221;. A la vez analizaron medidas de car\u00e1cter financiero, b\u00e1sicamente dividir y establecer  mecanismos de asistencia no rentable para quienes tienen menos de 100 cabezas de ganado: y quienes tienen m\u00e1s,100 mecanismos de Tarjeta Tuya.<\/p>\n<p>Tambi\u00e9n se debatieron medidas estructurales, con mecanismo de financiamiento para reservorios, regulaci\u00f3n y perforaciones, que implican asistencia t\u00e9cnica. El jefe de Estado chaque\u00f1o anticip\u00f3 que en las pr\u00f3ximas horas se firmar\u00e1 &#8220;la adhesi\u00f3n a la emergencia \u00edgnea, de manera que se extienda hasta 2024; a la vez, se extender\u00e1 a su debido momento la emergencia agropecuaria (por estas horas est\u00e1 vigente); y finalmente, todo lo referido a la emergencia h\u00eddrica se ir\u00e1 prorrogando, conforme se vayan sucediendo los acontecimientos&#8221;. &#8220;A partir de ma\u00f1ana (jueves) y pasado (viernes) esperamos un alivio para las temperaturas, pero nos dar\u00e1 un peque\u00f1o respiro y permitir\u00e1 trazar las l\u00edneas de acci\u00f3n de cara a los pr\u00f3ximos meses: es tremendo lo que hemos tenido que atravesar en estos \u00faltimos 42 meses; pero hacemos todo lo posible para estar a la altura con la asistencia financiera y los distintos instrumentos destinados a atender las necesidades&#8221;.<\/p>\n","protected":false},"excerpt":{"rendered":"<p>El gobernador de la provincia destac\u00f3 el aporte del Estado provincial para atender las necesidades de los distintos sectores ante la sequ\u00eda y las altas temperaturas. Asegur\u00f3 que en las pr\u00f3ximas horas firmar\u00e1 los instrumentos para ampliar la emergencia en el sector rural y ambiental por los incendios y la falta de agua. &#8220;Vemos que [&hellip;]<\/p>\n","protected":false},"author":1,"featured_media":18431,"comment_status":"closed","ping_status":"closed","sticky":false,"template":"","format":"standard","meta":{"footnotes":""},"categories":[6],"tags":[],"class_list":{"0":"post-18430","1":"post","2":"type-post","3":"status-publish","4":"format-standard","5":"has-post-thumbnail","7":"category-chaco"},"_links":{"self":[{"href":"https:\/\/chacosintesis.com.ar\/index.php\/wp-json\/wp\/v2\/posts\/18430","targetHints":{"allow":["GET"]}}],"collection":[{"href":"https:\/\/chacosintesis.com.ar\/index.php\/wp-json\/wp\/v2\/posts"}],"about":[{"href":"https:\/\/chacosintesis.com.ar\/index.php\/wp-json\/wp\/v2\/types\/post"}],"author":[{"embeddable":true,"href":"https:\/\/chacosintesis.com.ar\/index.php\/wp-json\/wp\/v2\/users\/1"}],"replies":[{"embeddable":true,"href":"https:\/\/chacosintesis.com.ar\/index.php\/wp-json\/wp\/v2\/comments?post=18430"}],"version-history":[{"count":0,"href":"https:\/\/chacosintesis.com.ar\/index.php\/wp-json\/wp\/v2\/posts\/18430\/revisions"}],"wp:featuredmedia":[{"embeddable":true,"href":"https:\/\/chacosintesis.com.ar\/index.php\/wp-json\/wp\/v2\/media\/18431"}],"wp:attachment":[{"href":"https:\/\/chacosintesis.com.ar\/index.php\/wp-json\/wp\/v2\/media?parent=18430"}],"wp:term":[{"taxonomy":"category","embeddable":true,"href":"https:\/\/chacosintesis.com.ar\/index.php\/wp-json\/wp\/v2\/categories?post=18430"},{"taxonomy":"post_tag","embeddable":true,"href":"https:\/\/chacosintesis.com.ar\/index.php\/wp-json\/wp\/v2\/tags?post=18430"}],"curies":[{"name":"wp","href":"https:\/\/api.w.org\/{rel}","templated":true}]}}