{"id":18409,"date":"2023-01-10T08:45:19","date_gmt":"2023-01-10T11:45:19","guid":{"rendered":"https:\/\/chacosintesis.com.ar\/?p=18409"},"modified":"2023-01-10T09:08:45","modified_gmt":"2023-01-10T12:08:45","slug":"covid-19-semana-con-mas-de-mil-contagios-y-dos-muertes","status":"publish","type":"post","link":"https:\/\/chacosintesis.com.ar\/index.php\/covid-19-semana-con-mas-de-mil-contagios-y-dos-muertes\/","title":{"rendered":"Covid-19: semana con m\u00e1s de mil contagios y dos muertes"},"content":{"rendered":"<p>De acuerdo con los datos difundidos por la cartera sanitaria nacional, en la provincia del Chaco se registraron, en los \u00faltimos siete d\u00edas, 1038 nuevos casos de coronavirus, y hubo dos muertes.<br \/>\nSeg\u00fan el informe, el n\u00famero de fallecidos en el pa\u00eds aument\u00f3 66% con respecto a la semana la semana pasada en la que se hab\u00edan informado 47. De las 78 personas fallecidas, 36 se produjeron durante la \u00faltima semana y 9 eran menores de 50 a\u00f1os.<br \/>\nEn tanto, 49 ten\u00edan la aplicaci\u00f3n de la dosis de refuerzo, aunque solo cinco la hab\u00edan recibido en los \u00faltimos 4 meses y del total de fallecidos, 73% ten\u00eda comorbilidades.<br \/>\nEn cuanto a los contagios, la cifra de hoy significa una baja de 44% respecto al parte anterior (72.558). Las provincias que m\u00e1s incrementaron sus casos en la \u00faltima semana fueron San Juan, Misiones y La Pampa.<br \/>\nEl mayor aumento se registr\u00f3 en San Juan, con 183% de casos de Covid-19, seg\u00fan indicaron. De esta manera, suman 130.249 los fallecidos registrados oficialmente a nivel nacional y 10.004.679 los contagiados desde el inicio de la pandemia en el territorio nacional.<br \/>\nLa cartera sanitaria indic\u00f3 que son 413 los internados con coronavirus en unidades de terapia intensiva, nueve menos que la semana anterior, con un porcentaje de ocupaci\u00f3n de camas de adultos en el sector p\u00fablico y privado, para todas las patolog\u00edas, de 41,2% en el pa\u00eds.<br \/>\nDurante la \u00faltima semana murieron 29 personas en la provincia de Buenos Aires, 8 en la ciudad de Buenos Aires, 1 en Catamarca, 2 en Chaco, 1 en C\u00f3rdoba, 3 en Entre R\u00edos, 1 en Formosa, 1 en La Pampa, 9 en Mendoza, 3 en Neuqu\u00e9n, 3 en R\u00edo Negro, 5 en Salta, 4 en San Luis, 4 en Santa Fe, 2 en Santiago del Estero y 2 en Tucum\u00e1n.<br \/>\nDiarioNorte.-<\/p>\n<div class=\"postie-attachments\"><a href=\"https:\/\/chacosintesis.com.ar\/?attachment_id=18411\"><img decoding=\"async\" src=\"data:image\/gif;base64,R0lGODlhAQABAIAAAAAAAP\/\/\/ywAAAAAAQABAAACAUwAOw==\" fifu-lazy=\"1\" fifu-data-sizes=\"auto\" fifu-data-srcset=\"https:\/\/i3.wp.com\/chacosintesis.com.ar\/wp-content\/uploads\/2023\/01\/310596w750h539c.jpg-300x216.jpg?ssl=1&w=75&resize=75&ssl=1 75w, https:\/\/i3.wp.com\/chacosintesis.com.ar\/wp-content\/uploads\/2023\/01\/310596w750h539c.jpg-300x216.jpg?ssl=1&w=100&resize=100&ssl=1 100w, https:\/\/i3.wp.com\/chacosintesis.com.ar\/wp-content\/uploads\/2023\/01\/310596w750h539c.jpg-300x216.jpg?ssl=1&w=150&resize=150&ssl=1 150w, https:\/\/i3.wp.com\/chacosintesis.com.ar\/wp-content\/uploads\/2023\/01\/310596w750h539c.jpg-300x216.jpg?ssl=1&w=240&resize=240&ssl=1 240w, https:\/\/i3.wp.com\/chacosintesis.com.ar\/wp-content\/uploads\/2023\/01\/310596w750h539c.jpg-300x216.jpg?ssl=1&w=320&resize=320&ssl=1 320w, https:\/\/i3.wp.com\/chacosintesis.com.ar\/wp-content\/uploads\/2023\/01\/310596w750h539c.jpg-300x216.jpg?ssl=1&w=500&resize=500&ssl=1 500w, https:\/\/i3.wp.com\/chacosintesis.com.ar\/wp-content\/uploads\/2023\/01\/310596w750h539c.jpg-300x216.jpg?ssl=1&w=640&resize=640&ssl=1 640w, https:\/\/i3.wp.com\/chacosintesis.com.ar\/wp-content\/uploads\/2023\/01\/310596w750h539c.jpg-300x216.jpg?ssl=1&w=800&resize=800&ssl=1 800w, https:\/\/i3.wp.com\/chacosintesis.com.ar\/wp-content\/uploads\/2023\/01\/310596w750h539c.jpg-300x216.jpg?ssl=1&w=1024&resize=1024&ssl=1 1024w, https:\/\/i3.wp.com\/chacosintesis.com.ar\/wp-content\/uploads\/2023\/01\/310596w750h539c.jpg-300x216.jpg?ssl=1&w=1280&resize=1280&ssl=1 1280w, https:\/\/i3.wp.com\/chacosintesis.com.ar\/wp-content\/uploads\/2023\/01\/310596w750h539c.jpg-300x216.jpg?ssl=1&w=1600&resize=1600&ssl=1 1600w\" fifu-data-src=\"https:\/\/i3.wp.com\/chacosintesis.com.ar\/wp-content\/uploads\/2023\/01\/310596w750h539c.jpg-300x216.jpg?ssl=1\" alt=\"\" width=\"300px\" height=\"216px\" class=\"alignnone size-medium wp-image-18411\" \/><\/a><\/div>\n","protected":false},"excerpt":{"rendered":"<p>De acuerdo con los datos difundidos por la cartera sanitaria nacional, en la provincia del Chaco se registraron, en los \u00faltimos siete d\u00edas, 1038 nuevos casos de coronavirus, y hubo dos muertes. Seg\u00fan el informe, el n\u00famero de fallecidos en el pa\u00eds aument\u00f3 66% con respecto a la semana la semana pasada en la que [&hellip;]<\/p>\n","protected":false},"author":1,"featured_media":18410,"comment_status":"closed","ping_status":"closed","sticky":false,"template":"","format":"standard","meta":{"footnotes":""},"categories":[6],"tags":[197],"class_list":{"0":"post-18409","1":"post","2":"type-post","3":"status-publish","4":"format-standard","5":"has-post-thumbnail","7":"category-chaco","8":"tag-destacada"},"_links":{"self":[{"href":"https:\/\/chacosintesis.com.ar\/index.php\/wp-json\/wp\/v2\/posts\/18409","targetHints":{"allow":["GET"]}}],"collection":[{"href":"https:\/\/chacosintesis.com.ar\/index.php\/wp-json\/wp\/v2\/posts"}],"about":[{"href":"https:\/\/chacosintesis.com.ar\/index.php\/wp-json\/wp\/v2\/types\/post"}],"author":[{"embeddable":true,"href":"https:\/\/chacosintesis.com.ar\/index.php\/wp-json\/wp\/v2\/users\/1"}],"replies":[{"embeddable":true,"href":"https:\/\/chacosintesis.com.ar\/index.php\/wp-json\/wp\/v2\/comments?post=18409"}],"version-history":[{"count":0,"href":"https:\/\/chacosintesis.com.ar\/index.php\/wp-json\/wp\/v2\/posts\/18409\/revisions"}],"wp:featuredmedia":[{"embeddable":true,"href":"https:\/\/chacosintesis.com.ar\/index.php\/wp-json\/wp\/v2\/media\/18410"}],"wp:attachment":[{"href":"https:\/\/chacosintesis.com.ar\/index.php\/wp-json\/wp\/v2\/media?parent=18409"}],"wp:term":[{"taxonomy":"category","embeddable":true,"href":"https:\/\/chacosintesis.com.ar\/index.php\/wp-json\/wp\/v2\/categories?post=18409"},{"taxonomy":"post_tag","embeddable":true,"href":"https:\/\/chacosintesis.com.ar\/index.php\/wp-json\/wp\/v2\/tags?post=18409"}],"curies":[{"name":"wp","href":"https:\/\/api.w.org\/{rel}","templated":true}]}}