{"id":18399,"date":"2023-01-09T13:12:58","date_gmt":"2023-01-09T16:12:58","guid":{"rendered":"https:\/\/chacosintesis.com.ar\/?p=18399"},"modified":"2023-01-09T13:20:42","modified_gmt":"2023-01-09T16:20:42","slug":"gran-concurrencia-de-la-comunidad-en-las-piletas-y-colonias-de-vacaciones-de-diferentes-municipios","status":"publish","type":"post","link":"https:\/\/chacosintesis.com.ar\/index.php\/gran-concurrencia-de-la-comunidad-en-las-piletas-y-colonias-de-vacaciones-de-diferentes-municipios\/","title":{"rendered":"Gran concurrencia de la comunidad en las piletas y colonias de vacaciones de diferentes municipios"},"content":{"rendered":"<p>Este fin de semana las piletas y colonias de vacaciones de diferentes municipios tuvieron una gran concurrencia y empiezan a marcar una tendencia en lo que se perfila como una gran temporada veraniega en la provincia del Chaco.<br \/>\nEl gobernador Jorge Capitanich comparti\u00f3 en sus redes sociales fotos que dan cuenta de la  gran concurrencia de la comunidad en las colonias de vacaciones dispuestas las localidades de Samuh\u00fa, La Clotilde, Puerto Eva Per\u00f3n y Juan Jos\u00e9 Castelli.<br \/>\n\u201cMuy contento de que cada vez m\u00e1s familias y j\u00f3venes disfruten de estas instalaciones, juegos y actividades que son para beneficio de toda la comunidad\u201d, expres\u00f3 el gobernador.<br \/>\nEn este contexto , manifest\u00f3:  \u201cQueremos que cada municipio cuente con piletas de nataci\u00f3n para que cada chaque\u00f1o y chaque\u00f1a pueda refrescarse y descansar c\u00f3modamente durante el verano\u201d.<\/p>\n","protected":false},"excerpt":{"rendered":"<p>Este fin de semana las piletas y colonias de vacaciones de diferentes municipios tuvieron una gran concurrencia y empiezan a marcar una tendencia en lo que se perfila como una gran temporada veraniega en la provincia del Chaco. El gobernador Jorge Capitanich comparti\u00f3 en sus redes sociales fotos que dan cuenta de la gran concurrencia [&hellip;]<\/p>\n","protected":false},"author":1,"featured_media":18400,"comment_status":"closed","ping_status":"closed","sticky":false,"template":"","format":"standard","meta":{"footnotes":""},"categories":[6],"tags":[],"class_list":{"0":"post-18399","1":"post","2":"type-post","3":"status-publish","4":"format-standard","5":"has-post-thumbnail","7":"category-chaco"},"_links":{"self":[{"href":"https:\/\/chacosintesis.com.ar\/index.php\/wp-json\/wp\/v2\/posts\/18399","targetHints":{"allow":["GET"]}}],"collection":[{"href":"https:\/\/chacosintesis.com.ar\/index.php\/wp-json\/wp\/v2\/posts"}],"about":[{"href":"https:\/\/chacosintesis.com.ar\/index.php\/wp-json\/wp\/v2\/types\/post"}],"author":[{"embeddable":true,"href":"https:\/\/chacosintesis.com.ar\/index.php\/wp-json\/wp\/v2\/users\/1"}],"replies":[{"embeddable":true,"href":"https:\/\/chacosintesis.com.ar\/index.php\/wp-json\/wp\/v2\/comments?post=18399"}],"version-history":[{"count":0,"href":"https:\/\/chacosintesis.com.ar\/index.php\/wp-json\/wp\/v2\/posts\/18399\/revisions"}],"wp:featuredmedia":[{"embeddable":true,"href":"https:\/\/chacosintesis.com.ar\/index.php\/wp-json\/wp\/v2\/media\/18400"}],"wp:attachment":[{"href":"https:\/\/chacosintesis.com.ar\/index.php\/wp-json\/wp\/v2\/media?parent=18399"}],"wp:term":[{"taxonomy":"category","embeddable":true,"href":"https:\/\/chacosintesis.com.ar\/index.php\/wp-json\/wp\/v2\/categories?post=18399"},{"taxonomy":"post_tag","embeddable":true,"href":"https:\/\/chacosintesis.com.ar\/index.php\/wp-json\/wp\/v2\/tags?post=18399"}],"curies":[{"name":"wp","href":"https:\/\/api.w.org\/{rel}","templated":true}]}}