{"id":18386,"date":"2023-01-09T00:01:57","date_gmt":"2023-01-09T03:01:57","guid":{"rendered":"https:\/\/chacosintesis.com.ar\/?p=18386"},"modified":"2023-01-09T00:08:17","modified_gmt":"2023-01-09T03:08:17","slug":"mas-de-3-000-docentes-se-inscribieron-para-acceder-al-transporte-diferencial","status":"publish","type":"post","link":"https:\/\/chacosintesis.com.ar\/index.php\/mas-de-3-000-docentes-se-inscribieron-para-acceder-al-transporte-diferencial\/","title":{"rendered":"M\u00e1s de 3.000 docentes se inscribieron para acceder al transporte diferencial"},"content":{"rendered":"<p>Para el sistema que funcionar\u00e1 este a\u00f1o se sigue registrando online hasta el 15 de enero.<br \/>\n Hasta el 15 de enero se mantiene abierta la inscripci\u00f3n para acceder a un sistema con el que se busca que sean menos los docentes \u2019haciendo dedo\u2019 para ir a trabajar. El viernes 6 de enero hab\u00eda 3.146 registros a trav\u00e9s de la plataforma Tu Gobierno Digital (gobiernodigital.chaco.gob.ar) y el m\u00f3dulo del Sistema Integral de Educaci\u00f3n (SIE).<br \/>\nDespu\u00e9s del anuncio -a fines de 2022- el plazo inicial se extendi\u00f3 hasta el 15 de enero y fuentes oficiales indican que es probable que se reabra m\u00e1s adelante con el inicio de las clases.<br \/>\nEn construcci\u00f3n<br \/>\nComo se sabe el sistema est\u00e1 destinado a docentes que residiendo en una ciudad deba trasladarse a diario para trabajar en otra ciudad o comunidad.<br \/>\nSobre su implementaci\u00f3n el ministro de Educaci\u00f3n Aldo Lineras indic\u00f3 que a\u00fan est\u00e1 en construcci\u00f3n y las respuestas est\u00e1n sujetas a los datos que aporten las personas interesadas.<br \/>\nPrimeras definiciones<br \/>\n\u2018El objetivo es lograr la gratuidad total\u2018, dijo, junto a la meta de que los transportes tengan frecuencias acordes con el horario escolar.<br \/>\nAl desestimar transferencias salariales que cubran costos de pasajes: \u2018Puede ser a trav\u00e9s de tarjetas y si el transporte no las tiene con boleto preadjudicado a usuarios. Se reconoce solo la movilidad&#8221;, remarc\u00f3.<br \/>\nExperiencia  de La Leonesa<br \/>\nLineras asegur\u00f3 que desde el inicio de su gesti\u00f3n trabaja para que los docentes dejen de hacer dedo en la ruta para ir a trabajar.<br \/>\n&#8220;Con Santiago P\u00e9rez Pons estuvimos buscando salidas y aunque parezca un tema simple (de resolver) no lo es&#8221;, dijo en declaraciones a FM Nuestra Voz.<br \/>\nAl dimensionarlo dijo que no solo involucra el aspecto econ\u00f3mico financiero sino que hay otra complejidad. De hecho record\u00f3 que su antecesora Daniela Torrente ya hab\u00eda conducido estudios de prefactibilidad y un sondeos.<\/p>\n<p>Otra experiencia que le transmiti\u00f3 la diputada Elda Insaurralde plantea Incluir a las prestadoras del servicio actual. La legisladora es de La Leonesa y contribuy\u00f3 en las conversaciones con la cooperativa Bermejo para \u2018acomodar\u2019 horarios del transporte. &#8220;En otras localidades es necesario avanzar con una coordinaci\u00f3n similar; eso se va a lograr cuando tengamos un mapa m\u00e1s exacto&#8221;, agreg\u00f3.<br \/>\nL\u00edmites en la implementaci\u00f3n<br \/>\nEl boleto diferencial para docentes es una medida que adem\u00e1s de contemplar un uso desigual de los ingresos para traslado, tambi\u00e9n busca prevenir situaciones de indefensi\u00f3n y riesgos. Otra limitante es que los potenciales beneficiarios tienen situaciones muy distintas: cubren suplencias, interinatos y otros compromisos. Adem\u00e1s un porcentaje no cuenta con servicio de transporte.<br \/>\n DIARIO NORTE.-<\/p>\n","protected":false},"excerpt":{"rendered":"<p>Para el sistema que funcionar\u00e1 este a\u00f1o se sigue registrando online hasta el 15 de enero. Hasta el 15 de enero se mantiene abierta la inscripci\u00f3n para acceder a un sistema con el que se busca que sean menos los docentes \u2019haciendo dedo\u2019 para ir a trabajar. El viernes 6 de enero hab\u00eda 3.146 registros [&hellip;]<\/p>\n","protected":false},"author":1,"featured_media":18387,"comment_status":"closed","ping_status":"closed","sticky":false,"template":"","format":"standard","meta":{"footnotes":""},"categories":[6],"tags":[197],"class_list":{"0":"post-18386","1":"post","2":"type-post","3":"status-publish","4":"format-standard","5":"has-post-thumbnail","7":"category-chaco","8":"tag-destacada"},"_links":{"self":[{"href":"https:\/\/chacosintesis.com.ar\/index.php\/wp-json\/wp\/v2\/posts\/18386","targetHints":{"allow":["GET"]}}],"collection":[{"href":"https:\/\/chacosintesis.com.ar\/index.php\/wp-json\/wp\/v2\/posts"}],"about":[{"href":"https:\/\/chacosintesis.com.ar\/index.php\/wp-json\/wp\/v2\/types\/post"}],"author":[{"embeddable":true,"href":"https:\/\/chacosintesis.com.ar\/index.php\/wp-json\/wp\/v2\/users\/1"}],"replies":[{"embeddable":true,"href":"https:\/\/chacosintesis.com.ar\/index.php\/wp-json\/wp\/v2\/comments?post=18386"}],"version-history":[{"count":0,"href":"https:\/\/chacosintesis.com.ar\/index.php\/wp-json\/wp\/v2\/posts\/18386\/revisions"}],"wp:featuredmedia":[{"embeddable":true,"href":"https:\/\/chacosintesis.com.ar\/index.php\/wp-json\/wp\/v2\/media\/18387"}],"wp:attachment":[{"href":"https:\/\/chacosintesis.com.ar\/index.php\/wp-json\/wp\/v2\/media?parent=18386"}],"wp:term":[{"taxonomy":"category","embeddable":true,"href":"https:\/\/chacosintesis.com.ar\/index.php\/wp-json\/wp\/v2\/categories?post=18386"},{"taxonomy":"post_tag","embeddable":true,"href":"https:\/\/chacosintesis.com.ar\/index.php\/wp-json\/wp\/v2\/tags?post=18386"}],"curies":[{"name":"wp","href":"https:\/\/api.w.org\/{rel}","templated":true}]}}